{"id":1009,"date":"2014-11-11T22:42:39","date_gmt":"2014-11-11T21:42:39","guid":{"rendered":"http:\/\/www.expotec103.com\/?p=1009"},"modified":"2014-11-11T22:42:39","modified_gmt":"2014-11-11T21:42:39","slug":"saint-eloi-2014","status":"publish","type":"post","link":"https:\/\/expotec103.fr\/index.php\/2014\/11\/11\/saint-eloi-2014\/","title":{"rendered":"Saint-\u00c9loi 2014"},"content":{"rendered":"<p>La Saint-\u00c9loi 2014, traditionnelle f\u00eate des forgerons, se tiendra les <strong>samedi 29 et dimanche 30 novembre, de 10h \u00e0 12h et de 14h \u00e0 18h<\/strong> \u00e0 Expotec 103, Moulin Saint-Gilles \u00e0 Rouen.<\/p>\n<p>Cette derni\u00e8re manifestation met \u00e0 l\u2019honneur les forgerons et les   couteliers, ces branches de m\u00e9tiers \u00e9tant sous le patronage de Saint   \u00c9loi.<\/p>\n<p>L\u2019entr\u00e9e est de 2\u20ac, gratuit pour les moins de 12 ans et les adh\u00e9rents.<\/p>\n<p>Le th\u00e8me de cette \u00e9dition : <strong>les couteaux de marine<\/strong>, avec une exposition de Pierre-Yves Javel<strong> <\/strong> du Cout\u00e8 d\u00e9 Tchi\u00e9, Confr\u00e9rie du Couteau,<\/p>\n<figure id=\"attachment_1010\" aria-describedby=\"caption-attachment-1010\" style=\"width: 500px\" class=\"wp-caption aligncenter\"><a href=\"http:\/\/www.expotec103.fr\/wp-content\/uploads\/2014\/11\/couteauxmarine.jpg\"><img loading=\"lazy\" decoding=\"async\" class=\"size-full wp-image-1010\" title=\"Couteaux de marine\" src=\"http:\/\/www.expotec103.fr\/wp-content\/uploads\/2014\/11\/couteauxmarine.jpg\" alt=\"Couteaux de marine\" width=\"500\" height=\"375\" \/><\/a><figcaption id=\"caption-attachment-1010\" class=\"wp-caption-text\">Couteaux de marine<\/figcaption><\/figure>\n<p>\u00c0 cette occasion, nous accueillerons des artistes du m\u00e9tal\u00a0:<\/p>\n<ul>\n<li>Marc Tiret,<\/li>\n<li>Joseph,<\/li>\n<li>Jos\u00e9 Torres.<\/li>\n<\/ul>\n<p>Marc Tiret et Joseph animeront la forge et le marteau pilon,  sous la protection de \u00ab\u00a0Saint Eloi\u00a0\u00bb, pour des d\u00e9monstrations, mais  aussi de l\u2019initiation pour petits et grands\u00a0!<\/p>\n<figure style=\"width: 500px\" class=\"wp-caption aligncenter\"><a title=\"Joseph \u00e0 la forge by Fr\u00e9d\u00e9ric BISSON, on Flickr\" href=\"https:\/\/www.flickr.com\/photos\/zigazou76\/11138699884\"><img loading=\"lazy\" decoding=\"async\" title=\"Joseph \u00e0 la forge\" src=\"https:\/\/farm4.staticflickr.com\/3671\/11138699884_509b13886f.jpg\" alt=\"Joseph \u00e0 la forge\" width=\"500\" height=\"333\" \/><\/a><figcaption class=\"wp-caption-text\">Joseph \u00e0 la forge<\/figcaption><\/figure>\n<p>L\u2019ensemble des machines d\u2019Expotec sera en activit\u00e9, sous un jeu de lumi\u00e8res mis en place par notre partenaire Cit\u00e9os :<\/p>\n<ul>\n<li>forge Mustad et forges portatives,<\/li>\n<li>marteau-pilon Demoor,<\/li>\n<li>atelier de polissage,<\/li>\n<li>machines-outils (mortaiseuse, scie alternative, \u00e9tau-limeur, tour, perceuses radiales\u2026).<\/li>\n<\/ul>\n<figure style=\"width: 500px\" class=\"wp-caption aligncenter\"><a title=\"Forge portative by Fr\u00e9d\u00e9ric BISSON, on Flickr\" href=\"https:\/\/www.flickr.com\/photos\/zigazou76\/11933232223\"><img loading=\"lazy\" decoding=\"async\" title=\"Forge portative\" src=\"https:\/\/farm3.staticflickr.com\/2887\/11933232223_ca3cb2bd88.jpg\" alt=\"Forge portative\" width=\"500\" height=\"333\" \/><\/a><figcaption class=\"wp-caption-text\">Forge portative<\/figcaption><\/figure>\n<p style=\"text-align: center;\">\n","protected":false},"excerpt":{"rendered":"<p>La Saint-\u00c9loi 2014, traditionnelle f\u00eate des forgerons, se tiendra les samedi 29 et dimanche 30 novembre, de 10h \u00e0 12h et de 14h \u00e0 18h \u00e0 Expotec 103, Moulin Saint-Gilles \u00e0 Rouen. Cette derni\u00e8re manifestation met \u00e0 l\u2019honneur les forgerons et les couteliers, ces branches de m\u00e9tiers \u00e9tant sous le patronage de Saint \u00c9loi. L\u2019entr\u00e9e &hellip; <a href=\"https:\/\/expotec103.fr\/index.php\/2014\/11\/11\/saint-eloi-2014\/\" class=\"more-link\">Continuer la lecture de <span class=\"screen-reader-text\">Saint-\u00c9loi 2014<\/span><\/a><\/p>\n","protected":false},"author":1,"featured_media":0,"comment_status":"closed","ping_status":"closed","sticky":false,"template":"","format":"standard","meta":{"footnotes":""},"categories":[8,9,21],"tags":[],"_links":{"self":[{"href":"https:\/\/expotec103.fr\/index.php\/wp-json\/wp\/v2\/posts\/1009"}],"collection":[{"href":"https:\/\/expotec103.fr\/index.php\/wp-json\/wp\/v2\/posts"}],"about":[{"href":"https:\/\/expotec103.fr\/index.php\/wp-json\/wp\/v2\/types\/post"}],"author":[{"embeddable":true,"href":"https:\/\/expotec103.fr\/index.php\/wp-json\/wp\/v2\/users\/1"}],"replies":[{"embeddable":true,"href":"https:\/\/expotec103.fr\/index.php\/wp-json\/wp\/v2\/comments?post=1009"}],"version-history":[{"count":0,"href":"https:\/\/expotec103.fr\/index.php\/wp-json\/wp\/v2\/posts\/1009\/revisions"}],"wp:attachment":[{"href":"https:\/\/expotec103.fr\/index.php\/wp-json\/wp\/v2\/media?parent=1009"}],"wp:term":[{"taxonomy":"category","embeddable":true,"href":"https:\/\/expotec103.fr\/index.php\/wp-json\/wp\/v2\/categories?post=1009"},{"taxonomy":"post_tag","embeddable":true,"href":"https:\/\/expotec103.fr\/index.php\/wp-json\/wp\/v2\/tags?post=1009"}],"curies":[{"name":"wp","href":"https:\/\/api.w.org\/{rel}","templated":true}]}}