{"id":1046,"date":"2015-11-29T07:08:41","date_gmt":"2015-11-29T06:08:41","guid":{"rendered":"http:\/\/www.expotec103.fr\/?p=1046"},"modified":"2015-11-29T07:08:41","modified_gmt":"2015-11-29T06:08:41","slug":"retour-en-photos-sur-la-saint-eloi-2015","status":"publish","type":"post","link":"https:\/\/expotec103.fr\/index.php\/2015\/11\/29\/retour-en-photos-sur-la-saint-eloi-2015\/","title":{"rendered":"Retour en photos sur la Saint-\u00c9loi 2015"},"content":{"rendered":"<p>Retour en photos sur la Saint-\u00c9loi 2015 !<\/p>\n<figure style=\"width: 333px\" class=\"wp-caption aligncenter\"><a title=\"Feu de forge\" href=\"https:\/\/www.flickr.com\/photos\/zigazou76\/23380571525\/\" data-flickr-embed=\"true\"><img loading=\"lazy\" decoding=\"async\" title=\"Feu de forge\" src=\"https:\/\/farm1.staticflickr.com\/632\/23380571525_91b306e64a.jpg\" alt=\"Feu de forge\" width=\"333\" height=\"500\" \/><\/a><figcaption class=\"wp-caption-text\">Feu de forge<\/figcaption><\/figure>\n<p>Joris Demarest aid\u00e9e de Marie r\u00e9alise devant vous des couteaux artisanaux et des lames damass\u00e9es.<\/p>\n<figure style=\"width: 333px\" class=\"wp-caption aligncenter\"><a title=\"R\u00e9alisation d\u2019une lame damass\u00e9e\" href=\"https:\/\/www.flickr.com\/photos\/zigazou76\/23085140060\/\" data-flickr-embed=\"true\"><img loading=\"lazy\" decoding=\"async\" title=\"R\u00e9alisation d\u2019une lame damass\u00e9e par Joris et Marie\" src=\"https:\/\/farm1.staticflickr.com\/637\/23085140060_5d85e6f6d5.jpg\" alt=\"R\u00e9alisation d\u2019une lame damass\u00e9e\" width=\"333\" height=\"500\" \/><\/a><figcaption class=\"wp-caption-text\">R\u00e9alisation d\u2019une lame damass\u00e9e par Joris et Marie<\/figcaption><\/figure>\n<figure style=\"width: 500px\" class=\"wp-caption aligncenter\"><a title=\"Couteau artisanal\" href=\"https:\/\/www.flickr.com\/photos\/zigazou76\/22753630873\/\" data-flickr-embed=\"true\"><img loading=\"lazy\" decoding=\"async\" title=\"Couteau artisanal r\u00e9alis\u00e9 par Joris Demarest\" src=\"https:\/\/farm1.staticflickr.com\/650\/22753630873_43bfe54636.jpg\" alt=\"Couteau artisanal\" width=\"500\" height=\"333\" \/><\/a><figcaption class=\"wp-caption-text\">Couteau artisanal r\u00e9alis\u00e9 par Joris Demarest<\/figcaption><\/figure>\n<p>C\u2019est aussi l\u2019occasion de contempler des \u0153uvres de m\u00e9tallier et m\u00e9talli\u00e8re de la r\u00e9gion.<\/p>\n<figure style=\"width: 332px\" class=\"wp-caption aligncenter\"><a title=\"Chaise\" href=\"https:\/\/www.flickr.com\/photos\/zigazou76\/23272430872\/\" data-flickr-embed=\"true\"><img loading=\"lazy\" decoding=\"async\" title=\"Chaise de Wilfried Berque (m\u00e9daille d\u2019argent)\" src=\"https:\/\/farm1.staticflickr.com\/677\/23272430872_9962864e3f.jpg\" alt=\"Chaise\" width=\"332\" height=\"500\" \/><\/a><figcaption class=\"wp-caption-text\">Chaise de Wilfried Berque (m\u00e9daille d\u2019argent)<\/figcaption><\/figure>\n<figure style=\"width: 500px\" class=\"wp-caption aligncenter\"><a title=\"Escalier de Xavier Blondel\" href=\"https:\/\/www.flickr.com\/photos\/zigazou76\/22754159423\/\" data-flickr-embed=\"true\"><img loading=\"lazy\" decoding=\"async\" title=\"Escalier de Xavier Blondel\" src=\"https:\/\/farm1.staticflickr.com\/607\/22754159423_37844cebef.jpg\" alt=\"Escalier de Xavier Blondel\" width=\"500\" height=\"333\" \/><\/a><figcaption class=\"wp-caption-text\">Escalier de Xavier Blondel<\/figcaption><\/figure>\n<figure style=\"width: 333px\" class=\"wp-caption aligncenter\"><a title=\"\u0152uvre de C\u00e9lia Pellieu\" href=\"https:\/\/www.flickr.com\/photos\/zigazou76\/23298234311\/\" data-flickr-embed=\"true\"><img loading=\"lazy\" decoding=\"async\" title=\"\u0152uvre de C\u00e9lia Pellieu (m\u00e9daille d\u2019argent)\" src=\"https:\/\/farm6.staticflickr.com\/5662\/23298234311_590c7f3b13.jpg\" alt=\"\u0152uvre de C\u00e9lia Pellieu\" width=\"333\" height=\"500\" \/><\/a><figcaption class=\"wp-caption-text\">\u0152uvre de C\u00e9lia Pellieu (m\u00e9daille d\u2019argent)<\/figcaption><\/figure>\n<p>Ou encore des \u0153uvres d\u2019artistes locaux travaillant sur m\u00e9tal.<\/p>\n<figure style=\"width: 332px\" class=\"wp-caption aligncenter\"><a title=\"Sculpture de Jean-Marc De Pas\" href=\"https:\/\/www.flickr.com\/photos\/zigazou76\/22753568423\/\" data-flickr-embed=\"true\"><img loading=\"lazy\" decoding=\"async\" title=\"Sculpture de Jean-Marc De Pas\" src=\"https:\/\/farm1.staticflickr.com\/623\/22753568423_75cd38e651.jpg\" alt=\"Sculpture de Jean-Marc De Pas\" width=\"332\" height=\"500\" \/><\/a><figcaption class=\"wp-caption-text\">Sculpture de Jean-Marc De Pas<\/figcaption><\/figure>\n<figure style=\"width: 332px\" class=\"wp-caption aligncenter\"><a title=\"Sculpture de Jos\u00e9 Torres\" href=\"https:\/\/www.flickr.com\/photos\/zigazou76\/23084836220\/\" data-flickr-embed=\"true\"><img loading=\"lazy\" decoding=\"async\" title=\"Sculpture de Jos\u00e9 Torres\" src=\"https:\/\/farm6.staticflickr.com\/5812\/23084836220_564aafc26a.jpg\" alt=\"Sculpture de Jos\u00e9 Torres\" width=\"332\" height=\"500\" \/><\/a><figcaption class=\"wp-caption-text\">Sculpture de Jos\u00e9 Torres<\/figcaption><\/figure>\n<p>Des d\u00e9monstrations et initiations \u00e0 la forge se font \u00e9galement sur diverses machines-outils r\u00e9cup\u00e9r\u00e9es par le Centre d\u2019Histoire Sociale.<\/p>\n<figure style=\"width: 332px\" class=\"wp-caption aligncenter\"><a title=\"Forge portative\" href=\"https:\/\/www.flickr.com\/photos\/zigazou76\/23380453225\/\" data-flickr-embed=\"true\"><img loading=\"lazy\" decoding=\"async\" title=\"Forge portative\" src=\"https:\/\/farm6.staticflickr.com\/5758\/23380453225_3b279a451f.jpg\" alt=\"Forge portative\" width=\"332\" height=\"500\" \/><\/a><figcaption class=\"wp-caption-text\">Forge portative<\/figcaption><\/figure>\n<figure style=\"width: 500px\" class=\"wp-caption aligncenter\"><a title=\"Marc Tiret au marteau-pilon\" href=\"https:\/\/www.flickr.com\/photos\/zigazou76\/23012360079\/\" data-flickr-embed=\"true\"><img loading=\"lazy\" decoding=\"async\" title=\"Marc Tiret au marteau-pilon\" src=\"https:\/\/farm1.staticflickr.com\/605\/23012360079_6405397bd9.jpg\" alt=\"Marc Tiret au marteau-pilon\" width=\"500\" height=\"333\" \/><\/a><figcaption class=\"wp-caption-text\">Marc Tiret au marteau-pilon<\/figcaption><\/figure>\n<figure style=\"width: 500px\" class=\"wp-caption aligncenter\"><a title=\"D\u00e9monstration de forge\" href=\"https:\/\/www.flickr.com\/photos\/zigazou76\/23013460149\/\" data-flickr-embed=\"true\"><img loading=\"lazy\" decoding=\"async\" title=\"Initiation \u00e0 la forge\" src=\"https:\/\/farm1.staticflickr.com\/710\/23013460149_ddc696ca60.jpg\" alt=\"Initiation \u00e0 la forge\" width=\"500\" height=\"332\" \/><\/a><figcaption class=\"wp-caption-text\">Initiation \u00e0 la forge<\/figcaption><\/figure>\n<p>L\u2019atelier typographique est lui aussi ouvert dans lequel Francis fait d\u00e9couvrir l\u2019impression fa\u00e7on Gutenberg aux jeunes comme aux moins jeunes.<\/p>\n<figure style=\"width: 500px\" class=\"wp-caption aligncenter\"><a title=\"D\u00e9monstration de typographie par Francis\" href=\"https:\/\/www.flickr.com\/photos\/zigazou76\/22754007773\/\" data-flickr-embed=\"true\"><img loading=\"lazy\" decoding=\"async\" title=\"D\u00e9monstration de typographie par Francis\" src=\"https:\/\/farm6.staticflickr.com\/5720\/22754007773_24d6b8f4b6.jpg\" alt=\"D\u00e9monstration de typographie par Francis\" width=\"500\" height=\"333\" \/><\/a><figcaption class=\"wp-caption-text\">D\u00e9monstration de typographie par Francis<\/figcaption><\/figure>\n<p>Retrouvez l\u2019album photo sur Flickr.<\/p>\n<figure style=\"width: 500px\" class=\"wp-caption aligncenter\"><a title=\"Saint-\u00c9loi 2015\" href=\"https:\/\/www.flickr.com\/photos\/zigazou76\/albums\/72157659446187104\" data-flickr-embed=\"true\"><img loading=\"lazy\" decoding=\"async\" title=\"Album photo de la Saint-\u00c9loi 2015\" src=\"https:\/\/farm1.staticflickr.com\/689\/23354698366_1d3972d089.jpg\" alt=\"Album photo de la Saint-\u00c9loi 2015\" width=\"500\" height=\"333\" \/><\/a><figcaption class=\"wp-caption-text\">Album photo de la Saint-\u00c9loi 2015<\/figcaption><\/figure>\n<p><script src=\"\/\/embedr.flickr.com\/assets\/client-code.js\" async=\"\" charset=\"utf-8\"><\/script><\/p>\n","protected":false},"excerpt":{"rendered":"<p>Retour en photos sur la Saint-\u00c9loi 2015 ! Joris Demarest aid\u00e9e de Marie r\u00e9alise devant vous des couteaux artisanaux et des lames damass\u00e9es. C\u2019est aussi l\u2019occasion de contempler des \u0153uvres de m\u00e9tallier et m\u00e9talli\u00e8re de la r\u00e9gion. Ou encore des \u0153uvres d\u2019artistes locaux travaillant sur m\u00e9tal. Des d\u00e9monstrations et initiations \u00e0 la forge se font &hellip; <a href=\"https:\/\/expotec103.fr\/index.php\/2015\/11\/29\/retour-en-photos-sur-la-saint-eloi-2015\/\" class=\"more-link\">Continuer la lecture de <span class=\"screen-reader-text\">Retour en photos sur la Saint-\u00c9loi 2015<\/span><\/a><\/p>\n","protected":false},"author":1,"featured_media":0,"comment_status":"closed","ping_status":"closed","sticky":false,"template":"","format":"standard","meta":{"footnotes":""},"categories":[1],"tags":[],"_links":{"self":[{"href":"https:\/\/expotec103.fr\/index.php\/wp-json\/wp\/v2\/posts\/1046"}],"collection":[{"href":"https:\/\/expotec103.fr\/index.php\/wp-json\/wp\/v2\/posts"}],"about":[{"href":"https:\/\/expotec103.fr\/index.php\/wp-json\/wp\/v2\/types\/post"}],"author":[{"embeddable":true,"href":"https:\/\/expotec103.fr\/index.php\/wp-json\/wp\/v2\/users\/1"}],"replies":[{"embeddable":true,"href":"https:\/\/expotec103.fr\/index.php\/wp-json\/wp\/v2\/comments?post=1046"}],"version-history":[{"count":2,"href":"https:\/\/expotec103.fr\/index.php\/wp-json\/wp\/v2\/posts\/1046\/revisions"}],"predecessor-version":[{"id":1048,"href":"https:\/\/expotec103.fr\/index.php\/wp-json\/wp\/v2\/posts\/1046\/revisions\/1048"}],"wp:attachment":[{"href":"https:\/\/expotec103.fr\/index.php\/wp-json\/wp\/v2\/media?parent=1046"}],"wp:term":[{"taxonomy":"category","embeddable":true,"href":"https:\/\/expotec103.fr\/index.php\/wp-json\/wp\/v2\/categories?post=1046"},{"taxonomy":"post_tag","embeddable":true,"href":"https:\/\/expotec103.fr\/index.php\/wp-json\/wp\/v2\/tags?post=1046"}],"curies":[{"name":"wp","href":"https:\/\/api.w.org\/{rel}","templated":true}]}}