{"id":1055,"date":"2016-05-10T21:46:22","date_gmt":"2016-05-10T20:46:22","guid":{"rendered":"http:\/\/www.expotec103.fr\/?p=1055"},"modified":"2016-05-11T05:19:41","modified_gmt":"2016-05-11T04:19:41","slug":"un-week-end-de-fete-a-expotec-103","status":"publish","type":"post","link":"https:\/\/expotec103.fr\/index.php\/2016\/05\/10\/un-week-end-de-fete-a-expotec-103\/","title":{"rendered":"Un week-end de f\u00eate \u00e0 Expotec 103"},"content":{"rendered":"<p><strong>Vendredi 20, samedi 21 et dimanche 22 mai 2016<\/strong> le centre d&rsquo;histoire sociale vous donne rendez-vous \u00e0 l&rsquo;occasion de<\/p>\n<h2>La f\u00eate des boulangers<\/h2>\n<figure style=\"width: 333px\" class=\"wp-caption aligncenter\"><a title=\"Pain\" href=\"https:\/\/www.flickr.com\/photos\/zigazou76\/6413871953\/\" data-flickr-embed=\"true\"><img loading=\"lazy\" decoding=\"async\" title=\"Boules de pains\" src=\"https:\/\/farm7.staticflickr.com\/6113\/6413871953_f0ef5353cd.jpg\" alt=\"Pain\" width=\"333\" height=\"500\" \/><\/a><figcaption class=\"wp-caption-text\">Boules de pains<\/figcaption><\/figure>\n<p><script src=\"\/\/embedr.flickr.com\/assets\/client-code.js\" async=\"\" charset=\"utf-8\"><\/script><\/p>\n<p>Durant trois jours, les boulangers b\u00e9n\u00e9voles vont cuire au four banal de la Pannevert \u00e0 ROUEN :<\/p>\n<ul>\n<li>pains bri\u00e9s<\/li>\n<li>boules de campagne<\/li>\n<li>pains aux graines<\/li>\n<li>brioches<\/li>\n<li>chaussons aux pommes<\/li>\n<\/ul>\n<p>Horaires:<\/p>\n<ul>\n<li>vendrdi 20 mai \u00a0: 14h \u00e0 18h<\/li>\n<li>samedi 21 mai \u00a0 : 10h \u00e0 18h<\/li>\n<li>dimanche 22 mai 10h \u00e0 18h<\/li>\n<\/ul>\n<p>La vente des produits du four se fait au profit de l&rsquo;association. <\/p>\n<h2>La f\u00eate des imprimeurs<\/h2>\n<figure style=\"width: 333px\" class=\"wp-caption aligncenter\"><a title=\"Affiche Saint-Honor\u00e9\" href=\"https:\/\/www.flickr.com\/photos\/zigazou76\/8763790654\/in\/photolist-emqHCS-g974Mq-f9Lp6W-7oWSHJ-6N1jRK-kwJ9X7-drZF7N-8FKXrW-cyhXpC-kwG6qx-kwGb7M-kwGF5V-6N5vV5-7Q55Fx-kwFWxc-cyhQ8Y-eW7Y2i-nqYZyb-9ChLTR-cyhEnJ-g95Dui-cyhCfj-cyi31L-cyhMau-am92F4-cyhZBw-dsc6XA-6sdved-cyi4Wh-dbGcxr-9wBC5z-g974pa-6s9ofc-cyhT8S-dzLJSn-6s9qpt-aonTGW-dzSsUJ-9BgQ76-6sdwcs-apLxzQ-9BgPFR-dzLQWi-6s9qiR-g97c8C-6s9qti-9C373f-dwKEp2-6sdwAC-9BgPgc\" data-flickr-embed=\"true\"><img loading=\"lazy\" decoding=\"async\" title=\"Presse \u00e0 \u00e9preuves\" src=\"https:\/\/farm8.staticflickr.com\/7448\/8763790654_949fc63c59.jpg\" alt=\"Affiche Saint-Honor\u00e9\" width=\"333\" height=\"500\" \/><\/a><figcaption class=\"wp-caption-text\">Presse \u00e0 \u00e9preuves<\/figcaption><\/figure>\n<p><script src=\"\/\/embedr.flickr.com\/assets\/client-code.js\" async=\"\" charset=\"utf-8\"><\/script><\/p>\n<p>Les 21 et 22 mai 2016 le moulin Saint Gilles\/expotec 103 vous ouvre ses portes pour la Saint Jean Porte Latine, f\u00eate des imprmeurs<\/p>\n<p>Le moulin Saint Gilles est situ\u00e9 au 13 rue Saint Gilles \u00e0 ROUEN, \u00a0pr\u00e9s de l&rsquo;\u00e9cole d&rsquo;architecture et \u00e0 100m de castorama Rouen<\/p>\n<p>Au programme de ce week end<\/p>\n<ul>\n<li>mise en route de la presse \u00e0 cylindre de 1930<\/li>\n<li>d\u00e9monstrations de la presse \u00e0 bras Stanhope ( fin XVIIIe si\u00e8cle<\/li>\n<li>de la presse Heidelberg<\/li>\n<li>pr\u00e9sentation de l&rsquo;atelier typographique reconstitu\u00e9<\/li>\n<li>animations et initiations pour les plus jeunes<\/li>\n<\/ul>\n<h2>Festival pierres et lumi\u00e8res<\/h2>\n<p>Dans la nuit du 21 au 22 mai dans le cadre du festival pierres et lumi\u00e8res organis\u00e9 par le conseil g\u00e9n\u00e9ral de seine maritime en partenariat avec \u00a0la fondation du patrimoine nous mettrons en lumi\u00e8re avec notre partenaire CITEOS<\/p>\n<ul>\n<li>le moulin et sa roue<\/li>\n<li>le lavoir<\/li>\n<li>la fa\u00e7ade de la chaudi\u00e8re vapeur<\/li>\n<li>la machine \u00e0 vapeur<\/li>\n<\/ul>\n<p>Durant tout ce week-end, l&rsquo;ensemble des collections seront en mouvement et la forge en activit\u00e9.<\/p>\n","protected":false},"excerpt":{"rendered":"<p>Vendredi 20, samedi 21 et dimanche 22 mai 2016 le centre d&rsquo;histoire sociale vous donne rendez-vous \u00e0 l&rsquo;occasion de La f\u00eate des boulangers Durant trois jours, les boulangers b\u00e9n\u00e9voles vont cuire au four banal de la Pannevert \u00e0 ROUEN : pains bri\u00e9s boules de campagne pains aux graines brioches chaussons aux pommes Horaires: vendrdi 20 &hellip; <a href=\"https:\/\/expotec103.fr\/index.php\/2016\/05\/10\/un-week-end-de-fete-a-expotec-103\/\" class=\"more-link\">Continuer la lecture de <span class=\"screen-reader-text\">Un week-end de f\u00eate \u00e0 Expotec 103<\/span><\/a><\/p>\n","protected":false},"author":2,"featured_media":0,"comment_status":"closed","ping_status":"closed","sticky":false,"template":"","format":"standard","meta":{"footnotes":""},"categories":[3,5,10],"tags":[],"_links":{"self":[{"href":"https:\/\/expotec103.fr\/index.php\/wp-json\/wp\/v2\/posts\/1055"}],"collection":[{"href":"https:\/\/expotec103.fr\/index.php\/wp-json\/wp\/v2\/posts"}],"about":[{"href":"https:\/\/expotec103.fr\/index.php\/wp-json\/wp\/v2\/types\/post"}],"author":[{"embeddable":true,"href":"https:\/\/expotec103.fr\/index.php\/wp-json\/wp\/v2\/users\/2"}],"replies":[{"embeddable":true,"href":"https:\/\/expotec103.fr\/index.php\/wp-json\/wp\/v2\/comments?post=1055"}],"version-history":[{"count":7,"href":"https:\/\/expotec103.fr\/index.php\/wp-json\/wp\/v2\/posts\/1055\/revisions"}],"predecessor-version":[{"id":1066,"href":"https:\/\/expotec103.fr\/index.php\/wp-json\/wp\/v2\/posts\/1055\/revisions\/1066"}],"wp:attachment":[{"href":"https:\/\/expotec103.fr\/index.php\/wp-json\/wp\/v2\/media?parent=1055"}],"wp:term":[{"taxonomy":"category","embeddable":true,"href":"https:\/\/expotec103.fr\/index.php\/wp-json\/wp\/v2\/categories?post=1055"},{"taxonomy":"post_tag","embeddable":true,"href":"https:\/\/expotec103.fr\/index.php\/wp-json\/wp\/v2\/tags?post=1055"}],"curies":[{"name":"wp","href":"https:\/\/api.w.org\/{rel}","templated":true}]}}