{"id":1097,"date":"2016-06-29T21:39:20","date_gmt":"2016-06-29T20:39:20","guid":{"rendered":"http:\/\/www.expotec103.fr\/?p=1097"},"modified":"2016-06-29T21:39:20","modified_gmt":"2016-06-29T20:39:20","slug":"dernier-rendez-vous-au-four-banal-avant-les-vacances","status":"publish","type":"post","link":"https:\/\/expotec103.fr\/index.php\/2016\/06\/29\/dernier-rendez-vous-au-four-banal-avant-les-vacances\/","title":{"rendered":"Dernier rendez-vous au four banal avant les vacances"},"content":{"rendered":"<p>Vendredi 1er. Juillet George et Guillaume vont realiser les derni\u00e8res fourn\u00e9es de pain et brioches avant des vacances bien m\u00e9rit\u00e9es.<\/p>\n<p>D\u00e8s 6h ils seront aux fours pour les premi\u00e8res cuissons. La vente se d\u00e9roule de 15h \u00e0 17h30.<a href=\"http:\/\/www.expotec103.fr\/wp-content\/uploads\/2016\/06\/image3.jpeg\"><img loading=\"lazy\" decoding=\"async\" class=\"alignnone size-full wp-image-1094\" src=\"http:\/\/www.expotec103.fr\/wp-content\/uploads\/2016\/06\/image3.jpeg\" alt=\"image\" width=\"1920\" height=\"1080\" \/><\/a><a href=\"http:\/\/www.expotec103.fr\/wp-content\/uploads\/2016\/06\/image2.jpeg\"><img loading=\"lazy\" decoding=\"async\" class=\"alignnone size-full wp-image-1093\" src=\"http:\/\/www.expotec103.fr\/wp-content\/uploads\/2016\/06\/image2.jpeg\" alt=\"image\" width=\"650\" height=\"421\" \/><\/a><\/p>\n","protected":false},"excerpt":{"rendered":"<p>Vendredi 1er. Juillet George et Guillaume vont realiser les derni\u00e8res fourn\u00e9es de pain et brioches avant des vacances bien m\u00e9rit\u00e9es. D\u00e8s 6h ils seront aux fours pour les premi\u00e8res cuissons. La vente se d\u00e9roule de 15h \u00e0 17h30.<\/p>\n","protected":false},"author":2,"featured_media":0,"comment_status":"closed","ping_status":"closed","sticky":false,"template":"","format":"standard","meta":{"footnotes":""},"categories":[1],"tags":[],"_links":{"self":[{"href":"https:\/\/expotec103.fr\/index.php\/wp-json\/wp\/v2\/posts\/1097"}],"collection":[{"href":"https:\/\/expotec103.fr\/index.php\/wp-json\/wp\/v2\/posts"}],"about":[{"href":"https:\/\/expotec103.fr\/index.php\/wp-json\/wp\/v2\/types\/post"}],"author":[{"embeddable":true,"href":"https:\/\/expotec103.fr\/index.php\/wp-json\/wp\/v2\/users\/2"}],"replies":[{"embeddable":true,"href":"https:\/\/expotec103.fr\/index.php\/wp-json\/wp\/v2\/comments?post=1097"}],"version-history":[{"count":2,"href":"https:\/\/expotec103.fr\/index.php\/wp-json\/wp\/v2\/posts\/1097\/revisions"}],"predecessor-version":[{"id":1099,"href":"https:\/\/expotec103.fr\/index.php\/wp-json\/wp\/v2\/posts\/1097\/revisions\/1099"}],"wp:attachment":[{"href":"https:\/\/expotec103.fr\/index.php\/wp-json\/wp\/v2\/media?parent=1097"}],"wp:term":[{"taxonomy":"category","embeddable":true,"href":"https:\/\/expotec103.fr\/index.php\/wp-json\/wp\/v2\/categories?post=1097"},{"taxonomy":"post_tag","embeddable":true,"href":"https:\/\/expotec103.fr\/index.php\/wp-json\/wp\/v2\/tags?post=1097"}],"curies":[{"name":"wp","href":"https:\/\/api.w.org\/{rel}","templated":true}]}}