{"id":1135,"date":"2016-08-31T21:53:59","date_gmt":"2016-08-31T20:53:59","guid":{"rendered":"http:\/\/www.expotec103.fr\/?p=1135"},"modified":"2016-08-31T22:18:38","modified_gmt":"2016-08-31T21:18:38","slug":"cest-la-rentree","status":"publish","type":"post","link":"https:\/\/expotec103.fr\/index.php\/2016\/08\/31\/cest-la-rentree\/","title":{"rendered":"C&rsquo;est la rentr\u00e9e&#8230;&#8230;.."},"content":{"rendered":"<p><a href=\"http:\/\/www.expotec103.fr\/wp-content\/uploads\/2016\/06\/image2.jpeg\"><img loading=\"lazy\" decoding=\"async\" class=\"alignnone size-full wp-image-1093\" src=\"http:\/\/www.expotec103.fr\/wp-content\/uploads\/2016\/06\/image2.jpeg\" alt=\"image\" width=\"650\" height=\"421\" \/><\/a>Alors que la rentr\u00e9e sonne pour les jeunes, c&rsquo;est auss\u00ee le retour de vacances pour George.<\/p>\n<p>il vous donne rendez-vous d\u00e8s ce vendredi 2 septembre. Vente \u00e0 partir de 15h au faut banal de la pannevert, esplanade Jean-Pierre Engelhard<\/p>\n<p>Ce dimanche EXPOTEC 103 sera auss\u00ee ouvert, une belle occasion de d\u00e9couvrir les travaux d&rsquo;\u00e9t\u00e9 r\u00e9alis\u00e9 en attendant le programme riche des journ\u00e9es du patrimoine industriel.<\/p>\n<p>EXPOTEC 103 moulin Saint Gilles 13 rue Saint Gilles 76000 ROUEN. \u00a0 \u00a0 \u00a0 \u00a0 horraire 15-17h<\/p>\n","protected":false},"excerpt":{"rendered":"<p>Alors que la rentr\u00e9e sonne pour les jeunes, c&rsquo;est auss\u00ee le retour de vacances pour George. il vous donne rendez-vous d\u00e8s ce vendredi 2 septembre. Vente \u00e0 partir de 15h au faut banal de la pannevert, esplanade Jean-Pierre Engelhard Ce dimanche EXPOTEC 103 sera auss\u00ee ouvert, une belle occasion de d\u00e9couvrir les travaux d&rsquo;\u00e9t\u00e9 r\u00e9alis\u00e9 &hellip; <a href=\"https:\/\/expotec103.fr\/index.php\/2016\/08\/31\/cest-la-rentree\/\" class=\"more-link\">Continuer la lecture de <span class=\"screen-reader-text\">C&rsquo;est la rentr\u00e9e&#8230;&#8230;..<\/span><\/a><\/p>\n","protected":false},"author":2,"featured_media":0,"comment_status":"closed","ping_status":"closed","sticky":false,"template":"","format":"standard","meta":{"footnotes":""},"categories":[1],"tags":[],"_links":{"self":[{"href":"https:\/\/expotec103.fr\/index.php\/wp-json\/wp\/v2\/posts\/1135"}],"collection":[{"href":"https:\/\/expotec103.fr\/index.php\/wp-json\/wp\/v2\/posts"}],"about":[{"href":"https:\/\/expotec103.fr\/index.php\/wp-json\/wp\/v2\/types\/post"}],"author":[{"embeddable":true,"href":"https:\/\/expotec103.fr\/index.php\/wp-json\/wp\/v2\/users\/2"}],"replies":[{"embeddable":true,"href":"https:\/\/expotec103.fr\/index.php\/wp-json\/wp\/v2\/comments?post=1135"}],"version-history":[{"count":3,"href":"https:\/\/expotec103.fr\/index.php\/wp-json\/wp\/v2\/posts\/1135\/revisions"}],"predecessor-version":[{"id":1138,"href":"https:\/\/expotec103.fr\/index.php\/wp-json\/wp\/v2\/posts\/1135\/revisions\/1138"}],"wp:attachment":[{"href":"https:\/\/expotec103.fr\/index.php\/wp-json\/wp\/v2\/media?parent=1135"}],"wp:term":[{"taxonomy":"category","embeddable":true,"href":"https:\/\/expotec103.fr\/index.php\/wp-json\/wp\/v2\/categories?post=1135"},{"taxonomy":"post_tag","embeddable":true,"href":"https:\/\/expotec103.fr\/index.php\/wp-json\/wp\/v2\/tags?post=1135"}],"curies":[{"name":"wp","href":"https:\/\/api.w.org\/{rel}","templated":true}]}}