{"id":1144,"date":"2016-09-06T21:46:21","date_gmt":"2016-09-06T20:46:21","guid":{"rendered":"http:\/\/www.expotec103.fr\/?p=1144"},"modified":"2016-09-15T14:59:07","modified_gmt":"2016-09-15T13:59:07","slug":"journees-du-patrimoine-industriel","status":"publish","type":"post","link":"https:\/\/expotec103.fr\/index.php\/2016\/09\/06\/journees-du-patrimoine-industriel\/","title":{"rendered":"Journ\u00e9es du patrimoine industriel"},"content":{"rendered":"<p><a href=\"http:\/\/www.expotec103.fr\/wp-content\/uploads\/2016\/09\/image1.jpeg\"><img loading=\"lazy\" decoding=\"async\" class=\"alignnone size-full wp-image-1143\" src=\"http:\/\/www.expotec103.fr\/wp-content\/uploads\/2016\/09\/image1.jpeg\" alt=\"image\" width=\"1967\" height=\"1322\" \/><\/a><\/p>\n<p><b><i>ouverture au public du 21 septembre au 30 octobre inclus les : mercredi, samedi et dimanche de 14h30 \u00e0 17h30<\/i><\/b><\/p>\n<p><em><strong>reservation groupes : contact@expotec103.com ou t\u00e9l\u00e9phone 02 35 08 08 41<\/strong><\/em><\/p>\n","protected":false},"excerpt":{"rendered":"<p>ouverture au public du 21 septembre au 30 octobre inclus les : mercredi, samedi et dimanche de 14h30 \u00e0 17h30 reservation groupes : contact@expotec103.com ou t\u00e9l\u00e9phone 02 35 08 08 41<\/p>\n","protected":false},"author":2,"featured_media":0,"comment_status":"closed","ping_status":"closed","sticky":false,"template":"","format":"standard","meta":{"footnotes":""},"categories":[1],"tags":[],"_links":{"self":[{"href":"https:\/\/expotec103.fr\/index.php\/wp-json\/wp\/v2\/posts\/1144"}],"collection":[{"href":"https:\/\/expotec103.fr\/index.php\/wp-json\/wp\/v2\/posts"}],"about":[{"href":"https:\/\/expotec103.fr\/index.php\/wp-json\/wp\/v2\/types\/post"}],"author":[{"embeddable":true,"href":"https:\/\/expotec103.fr\/index.php\/wp-json\/wp\/v2\/users\/2"}],"replies":[{"embeddable":true,"href":"https:\/\/expotec103.fr\/index.php\/wp-json\/wp\/v2\/comments?post=1144"}],"version-history":[{"count":4,"href":"https:\/\/expotec103.fr\/index.php\/wp-json\/wp\/v2\/posts\/1144\/revisions"}],"predecessor-version":[{"id":1150,"href":"https:\/\/expotec103.fr\/index.php\/wp-json\/wp\/v2\/posts\/1144\/revisions\/1150"}],"wp:attachment":[{"href":"https:\/\/expotec103.fr\/index.php\/wp-json\/wp\/v2\/media?parent=1144"}],"wp:term":[{"taxonomy":"category","embeddable":true,"href":"https:\/\/expotec103.fr\/index.php\/wp-json\/wp\/v2\/categories?post=1144"},{"taxonomy":"post_tag","embeddable":true,"href":"https:\/\/expotec103.fr\/index.php\/wp-json\/wp\/v2\/tags?post=1144"}],"curies":[{"name":"wp","href":"https:\/\/api.w.org\/{rel}","templated":true}]}}