{"id":1156,"date":"2016-09-20T21:47:48","date_gmt":"2016-09-20T20:47:48","guid":{"rendered":"http:\/\/www.expotec103.fr\/?p=1156"},"modified":"2016-09-21T10:06:10","modified_gmt":"2016-09-21T09:06:10","slug":"exposition-photographique-a-expotec103","status":"publish","type":"post","link":"https:\/\/expotec103.fr\/index.php\/2016\/09\/20\/exposition-photographique-a-expotec103\/","title":{"rendered":"Exposition photographique \u00e0 EXPOTEC 103"},"content":{"rendered":"<p style=\"text-align: left\">Suite au succ\u00e8s des journ\u00e9es du patrimoine 2016, le centre d&rsquo;histoire sociale est heureux d&rsquo;accueillir Dominique Cordier du 17 septembre au 30 octobre.<\/p>\n<p><a href=\"http:\/\/www.expotec103.fr\/wp-content\/uploads\/2016\/09\/image4.jpeg\"><img loading=\"lazy\" decoding=\"async\" class=\"alignnone size-full wp-image-1154\" src=\"http:\/\/www.expotec103.fr\/wp-content\/uploads\/2016\/09\/image4.jpeg\" alt=\"imag\" width=\"840\" height=\"583\" \/><\/a>Dominique Cordier pr\u00e9sente une collection de 70 photos noir et blanc argentique intitul\u00e9<\/p>\n<p>\u00a0\u00bb route de Darn\u00e9tal, Robec et compagnie \u00a0\u00a0\u00bb<\/p>\n<p><a href=\"http:\/\/www.expotec103.fr\/wp-content\/uploads\/2016\/09\/image3.jpeg\"><img loading=\"lazy\" decoding=\"async\" class=\"alignnone size-full wp-image-1153\" src=\"http:\/\/www.expotec103.fr\/wp-content\/uploads\/2016\/09\/image3.jpeg\" alt=\"image\" width=\"840\" height=\"595\" \/><\/a>Dominique Cordier apporte son regard entre la place Saint Hilaire \u00e0 Rouen et la Girafe \u00e0 Darn\u00e9tal.<\/p>\n<p>Jours d&rsquo;ouverture :<\/p>\n<p>Les 21, 24 et 28 septembre puis les 1, 2, 5, 8, 12, 15, 16, 19, 26, 29 et 30 octobre 2016 de 14h30 \u00e0 17h<\/p>\n<p>entr\u00e9e : 2\u20ac<\/p>\n<p>possibilit\u00e9 visite groupes sur r\u00e9servation.<\/p>\n","protected":false},"excerpt":{"rendered":"<p>Suite au succ\u00e8s des journ\u00e9es du patrimoine 2016, le centre d&rsquo;histoire sociale est heureux d&rsquo;accueillir Dominique Cordier du 17 septembre au 30 octobre. Dominique Cordier pr\u00e9sente une collection de 70 photos noir et blanc argentique intitul\u00e9 \u00a0\u00bb route de Darn\u00e9tal, Robec et compagnie \u00a0\u00a0\u00bb Dominique Cordier apporte son regard entre la place Saint Hilaire \u00e0 &hellip; <a href=\"https:\/\/expotec103.fr\/index.php\/2016\/09\/20\/exposition-photographique-a-expotec103\/\" class=\"more-link\">Continuer la lecture de <span class=\"screen-reader-text\">Exposition photographique \u00e0 EXPOTEC 103<\/span><\/a><\/p>\n","protected":false},"author":2,"featured_media":0,"comment_status":"closed","ping_status":"closed","sticky":false,"template":"","format":"standard","meta":{"footnotes":""},"categories":[1],"tags":[],"_links":{"self":[{"href":"https:\/\/expotec103.fr\/index.php\/wp-json\/wp\/v2\/posts\/1156"}],"collection":[{"href":"https:\/\/expotec103.fr\/index.php\/wp-json\/wp\/v2\/posts"}],"about":[{"href":"https:\/\/expotec103.fr\/index.php\/wp-json\/wp\/v2\/types\/post"}],"author":[{"embeddable":true,"href":"https:\/\/expotec103.fr\/index.php\/wp-json\/wp\/v2\/users\/2"}],"replies":[{"embeddable":true,"href":"https:\/\/expotec103.fr\/index.php\/wp-json\/wp\/v2\/comments?post=1156"}],"version-history":[{"count":5,"href":"https:\/\/expotec103.fr\/index.php\/wp-json\/wp\/v2\/posts\/1156\/revisions"}],"predecessor-version":[{"id":1161,"href":"https:\/\/expotec103.fr\/index.php\/wp-json\/wp\/v2\/posts\/1156\/revisions\/1161"}],"wp:attachment":[{"href":"https:\/\/expotec103.fr\/index.php\/wp-json\/wp\/v2\/media?parent=1156"}],"wp:term":[{"taxonomy":"category","embeddable":true,"href":"https:\/\/expotec103.fr\/index.php\/wp-json\/wp\/v2\/categories?post=1156"},{"taxonomy":"post_tag","embeddable":true,"href":"https:\/\/expotec103.fr\/index.php\/wp-json\/wp\/v2\/tags?post=1156"}],"curies":[{"name":"wp","href":"https:\/\/api.w.org\/{rel}","templated":true}]}}