{"id":1165,"date":"2016-11-02T22:29:58","date_gmt":"2016-11-02T21:29:58","guid":{"rendered":"http:\/\/www.expotec103.fr\/?p=1165"},"modified":"2016-11-02T22:35:54","modified_gmt":"2016-11-02T21:35:54","slug":"vendredi-4-novembre","status":"publish","type":"post","link":"https:\/\/expotec103.fr\/index.php\/2016\/11\/02\/vendredi-4-novembre\/","title":{"rendered":"Vendredi 4 novembre"},"content":{"rendered":"<p>Les boulangers vous \u00a0donnent rendez-vous pour le premier vendredi du mois et les traditionnelles fourn\u00e9es de pain et brioches sans oublier les chaussons aux pommes.<\/p>\n<p>Vente \u00e0 partir de 15 et jusqu&rsquo;\u00e0 \u00e9puisement des stocks.<\/p>\n<p>dimanche 6 novembre les benevoles vous accueilleront \u00e0 EXPOTEC 103. \u00a014h-17h<\/p>\n<p>Ce sera une belle occasion de d\u00e9couvrir la derni\u00e8re nouveaut\u00e9. Une magnifique presse \u00e0 dorer.<\/p>\n<p>t\u00e9\u00a0<a href=\"http:\/\/www.expotec103.fr\/wp-content\/uploads\/2016\/11\/image.jpeg\"><img loading=\"lazy\" decoding=\"async\" class=\"alignnone size-medium wp-image-1166\" src=\"http:\/\/www.expotec103.fr\/wp-content\/uploads\/2016\/11\/image-225x300.jpeg\" alt=\"image\" width=\"225\" height=\"300\" srcset=\"https:\/\/expotec103.fr\/wp-content\/uploads\/2016\/11\/image-225x300.jpeg 225w, https:\/\/expotec103.fr\/wp-content\/uploads\/2016\/11\/image.jpeg 480w\" sizes=\"(max-width: 225px) 100vw, 225px\" \/><\/a><\/p>\n<p>&nbsp;<\/p>\n","protected":false},"excerpt":{"rendered":"<p>Les boulangers vous \u00a0donnent rendez-vous pour le premier vendredi du mois et les traditionnelles fourn\u00e9es de pain et brioches sans oublier les chaussons aux pommes. Vente \u00e0 partir de 15 et jusqu&rsquo;\u00e0 \u00e9puisement des stocks. dimanche 6 novembre les benevoles vous accueilleront \u00e0 EXPOTEC 103. \u00a014h-17h Ce sera une belle occasion de d\u00e9couvrir la derni\u00e8re &hellip; <a href=\"https:\/\/expotec103.fr\/index.php\/2016\/11\/02\/vendredi-4-novembre\/\" class=\"more-link\">Continuer la lecture de <span class=\"screen-reader-text\">Vendredi 4 novembre<\/span><\/a><\/p>\n","protected":false},"author":2,"featured_media":0,"comment_status":"closed","ping_status":"closed","sticky":false,"template":"","format":"standard","meta":{"footnotes":""},"categories":[1],"tags":[],"_links":{"self":[{"href":"https:\/\/expotec103.fr\/index.php\/wp-json\/wp\/v2\/posts\/1165"}],"collection":[{"href":"https:\/\/expotec103.fr\/index.php\/wp-json\/wp\/v2\/posts"}],"about":[{"href":"https:\/\/expotec103.fr\/index.php\/wp-json\/wp\/v2\/types\/post"}],"author":[{"embeddable":true,"href":"https:\/\/expotec103.fr\/index.php\/wp-json\/wp\/v2\/users\/2"}],"replies":[{"embeddable":true,"href":"https:\/\/expotec103.fr\/index.php\/wp-json\/wp\/v2\/comments?post=1165"}],"version-history":[{"count":4,"href":"https:\/\/expotec103.fr\/index.php\/wp-json\/wp\/v2\/posts\/1165\/revisions"}],"predecessor-version":[{"id":1171,"href":"https:\/\/expotec103.fr\/index.php\/wp-json\/wp\/v2\/posts\/1165\/revisions\/1171"}],"wp:attachment":[{"href":"https:\/\/expotec103.fr\/index.php\/wp-json\/wp\/v2\/media?parent=1165"}],"wp:term":[{"taxonomy":"category","embeddable":true,"href":"https:\/\/expotec103.fr\/index.php\/wp-json\/wp\/v2\/categories?post=1165"},{"taxonomy":"post_tag","embeddable":true,"href":"https:\/\/expotec103.fr\/index.php\/wp-json\/wp\/v2\/tags?post=1165"}],"curies":[{"name":"wp","href":"https:\/\/api.w.org\/{rel}","templated":true}]}}