{"id":1177,"date":"2016-11-08T23:12:35","date_gmt":"2016-11-08T22:12:35","guid":{"rendered":"http:\/\/www.expotec103.fr\/?p=1177"},"modified":"2016-11-17T23:26:01","modified_gmt":"2016-11-17T22:26:01","slug":"saint-eloi-2016","status":"publish","type":"post","link":"https:\/\/expotec103.fr\/index.php\/2016\/11\/08\/saint-eloi-2016\/","title":{"rendered":"Saint \u00c9loi 2016"},"content":{"rendered":"<p>Le centre d&rsquo;histoire sociale vous donne rendez-vous les 26 et 27 novembre 2016 dans le cadre de la f\u00eate des forgerons.<\/p>\n<p>autour de la forge 13 invit\u00e9s vous pr\u00e9sentent leur savoir faire. La forge, le Damas, le travail du m\u00e9tal \u00e0 froid, le polissage &#8230;&#8230;..<\/p>\n<p>Exposition d&rsquo;artistes.<\/p>\n<p>initiations pour les plus jeunes.<\/p>\n<p>participation 2\u20ac par personne. Gratuit -12ans et adherents<a href=\"http:\/\/www.expotec103.fr\/wp-content\/uploads\/2016\/11\/image-2.jpeg\"><img loading=\"lazy\" decoding=\"async\" class=\"alignnone size-medium wp-image-1180\" src=\"http:\/\/www.expotec103.fr\/wp-content\/uploads\/2016\/11\/image-2-300x260.jpeg\" alt=\"image\" width=\"300\" height=\"260\" \/><\/a><\/p>\n<p>demonstration de forge avec Marc, Remy, Eloi et la section forge de l&rsquo;AFPA du Havre. Ces derniers vont ex\u00e9cuter une rampe de protection pour l&rsquo;acc\u00e8s handicap\u00e9.<\/p>\n<p>Des artistes vont realiser des \u0153uvres \u00e0 part\u00eer de m\u00e9taux de r\u00e9cup\u00e9ration.<\/p>\n<p>michel Gibault r\u00e9alisera des sculptures.<\/p>\n<p>Marie et Joris r\u00e9aliseront du Damas.<\/p>\n<p>Des \u0153uvres de Jos\u00e9 Torres, J&rsquo;en \u00a0Marc Depas, et des artistes pr\u00e9sent autour de la forge seront pr\u00e9sent\u00e9.<\/p>\n<p>D\u00e8s la tomb\u00e9e de la nuit le moulin, la rouget quelques machines vont se v\u00eatir de couleurs gr\u00e2ce au soutien de Citeos.<\/p>\n<p>l&rsquo;ensemble des machines s&rsquo;\u00e9tant en activit\u00e9, ainsi qu&rsquo;elle four \u00e0 pain.<\/p>\n<p>Auplaisir de votre visite.<\/p>\n","protected":false},"excerpt":{"rendered":"<p>Le centre d&rsquo;histoire sociale vous donne rendez-vous les 26 et 27 novembre 2016 dans le cadre de la f\u00eate des forgerons. autour de la forge 13 invit\u00e9s vous pr\u00e9sentent leur savoir faire. La forge, le Damas, le travail du m\u00e9tal \u00e0 froid, le polissage &#8230;&#8230;.. Exposition d&rsquo;artistes. initiations pour les plus jeunes. participation 2\u20ac par &hellip; <a href=\"https:\/\/expotec103.fr\/index.php\/2016\/11\/08\/saint-eloi-2016\/\" class=\"more-link\">Continuer la lecture de <span class=\"screen-reader-text\">Saint \u00c9loi 2016<\/span><\/a><\/p>\n","protected":false},"author":2,"featured_media":0,"comment_status":"closed","ping_status":"closed","sticky":false,"template":"","format":"standard","meta":{"footnotes":""},"categories":[1],"tags":[],"_links":{"self":[{"href":"https:\/\/expotec103.fr\/index.php\/wp-json\/wp\/v2\/posts\/1177"}],"collection":[{"href":"https:\/\/expotec103.fr\/index.php\/wp-json\/wp\/v2\/posts"}],"about":[{"href":"https:\/\/expotec103.fr\/index.php\/wp-json\/wp\/v2\/types\/post"}],"author":[{"embeddable":true,"href":"https:\/\/expotec103.fr\/index.php\/wp-json\/wp\/v2\/users\/2"}],"replies":[{"embeddable":true,"href":"https:\/\/expotec103.fr\/index.php\/wp-json\/wp\/v2\/comments?post=1177"}],"version-history":[{"count":4,"href":"https:\/\/expotec103.fr\/index.php\/wp-json\/wp\/v2\/posts\/1177\/revisions"}],"predecessor-version":[{"id":1184,"href":"https:\/\/expotec103.fr\/index.php\/wp-json\/wp\/v2\/posts\/1177\/revisions\/1184"}],"wp:attachment":[{"href":"https:\/\/expotec103.fr\/index.php\/wp-json\/wp\/v2\/media?parent=1177"}],"wp:term":[{"taxonomy":"category","embeddable":true,"href":"https:\/\/expotec103.fr\/index.php\/wp-json\/wp\/v2\/categories?post=1177"},{"taxonomy":"post_tag","embeddable":true,"href":"https:\/\/expotec103.fr\/index.php\/wp-json\/wp\/v2\/tags?post=1177"}],"curies":[{"name":"wp","href":"https:\/\/api.w.org\/{rel}","templated":true}]}}