{"id":1203,"date":"2017-02-03T08:18:43","date_gmt":"2017-02-03T07:18:43","guid":{"rendered":"http:\/\/www.expotec103.fr\/?p=1203"},"modified":"2017-02-03T08:18:43","modified_gmt":"2017-02-03T07:18:43","slug":"installation-de-la-roue-saint-hilaire","status":"publish","type":"post","link":"https:\/\/expotec103.fr\/index.php\/2017\/02\/03\/installation-de-la-roue-saint-hilaire\/","title":{"rendered":"Installation de la roue Saint-Hilaire"},"content":{"rendered":"<p>Dans la soir\u00e9e du 2 f\u00e9vrier 2017, le Centre d\u2019Histoire Sociale a install\u00e9 une roue con\u00e7ue et fabriqu\u00e9e par ses b\u00e9n\u00e9voles sur la place Saint-Hilaire.<\/p>\n<p>Command\u00e9e par les Conseils de Quartier de la Ville de Rouen<\/p>\n<p>Cependant, la roue n\u2019est pas compl\u00e8tement finie. Les b\u00e9n\u00e9voles installeront les aubes dans la journ\u00e9e du 3 f\u00e9vrier 2017. Cette op\u00e9ration r\u00e9alis\u00e9e, la Ville de Rouen pourra achever les derniers am\u00e9nagements.<\/p>\n<p>Le Centre d\u2019Histoire Sociale tient \u00e0 remercier la <a href=\"http:\/\/www.clinique-sainthilaire.fr\/\">Clinique Saint-Hilaire<\/a> pour son aimable participation.<\/p>\n<p><a href=\"https:\/\/www.flickr.com\/photos\/zigazou76\/albums\/72157676233455924\">D\u2019autres photos sont disponibles sur Flickr<\/a><\/p>\n<figure style=\"width: 500px\" class=\"wp-caption aligncenter\"><a title=\"Installation de la roue aube place Saint-Hilaire\" href=\"https:\/\/www.flickr.com\/photos\/zigazou76\/32675536885\/in\/dateposted\/\" data-flickr-embed=\"true\"><img loading=\"lazy\" decoding=\"async\" title=\"Massif en b\u00e9ton\" src=\"https:\/\/c1.staticflickr.com\/1\/728\/32675536885_744c6f1cac.jpg\" alt=\"Installation de la roue aube place Saint-Hilaire\" width=\"500\" height=\"332\" \/><\/a><figcaption class=\"wp-caption-text\">Massif en b\u00e9ton<\/figcaption><\/figure>\n<p><script async src=\"\/\/embedr.flickr.com\/assets\/client-code.js\" charset=\"utf-8\"><\/script><\/p>\n<figure style=\"width: 500px\" class=\"wp-caption aligncenter\"><a title=\"Installation de la roue aube place Saint-Hilaire\" href=\"https:\/\/www.flickr.com\/photos\/zigazou76\/31832544134\/in\/dateposted\/\" data-flickr-embed=\"true\"><img loading=\"lazy\" decoding=\"async\" title=\"La roue \u00e0 aubes encore sur le camion\" src=\"https:\/\/c1.staticflickr.com\/1\/558\/31832544134_f2b8105656.jpg\" alt=\"Installation de la roue aube place Saint-Hilaire\" width=\"500\" height=\"333\" \/><\/a><figcaption class=\"wp-caption-text\">La roue \u00e0 aubes encore sur le camion<\/figcaption><\/figure>\n<p><script async src=\"\/\/embedr.flickr.com\/assets\/client-code.js\" charset=\"utf-8\"><\/script><\/p>\n<figure style=\"width: 500px\" class=\"wp-caption aligncenter\"><a title=\"Installation de la roue aube place Saint-Hilaire\" href=\"https:\/\/www.flickr.com\/photos\/zigazou76\/31835863954\/in\/dateposted\/\" data-flickr-embed=\"true\"><img loading=\"lazy\" decoding=\"async\" title=\"D\u00e9chargement de la roue \u00e0 aubes par Sylvain Engelhard\" src=\"https:\/\/c1.staticflickr.com\/1\/658\/31835863954_627b6764c6.jpg\" alt=\"Installation de la roue aube place Saint-Hilaire\" width=\"500\" height=\"332\" \/><\/a><figcaption class=\"wp-caption-text\">D\u00e9chargement de la roue \u00e0 aubes par Sylvain Engelhard<\/figcaption><\/figure>\n<p><script async src=\"\/\/embedr.flickr.com\/assets\/client-code.js\" charset=\"utf-8\"><\/script><\/p>\n<figure style=\"width: 500px\" class=\"wp-caption aligncenter\"><a title=\"Installation de la roue aube place Saint-Hilaire\" href=\"https:\/\/www.flickr.com\/photos\/zigazou76\/32521561872\/in\/dateposted\/\" data-flickr-embed=\"true\"><img loading=\"lazy\" decoding=\"async\" title=\"Les b\u00e9n\u00e9voles dirigent la roue vers le massif\" src=\"https:\/\/c1.staticflickr.com\/1\/511\/32521561872_133cbb7646.jpg\" alt=\"Installation de la roue aube place Saint-Hilaire\" width=\"500\" height=\"332\" \/><\/a><figcaption class=\"wp-caption-text\">Les b\u00e9n\u00e9voles dirigent la roue vers le massif<\/figcaption><\/figure>\n<p><script async src=\"\/\/embedr.flickr.com\/assets\/client-code.js\" charset=\"utf-8\"><\/script><\/p>\n<figure style=\"width: 500px\" class=\"wp-caption aligncenter\"><a title=\"Installation de la roue aube place Saint-Hilaire\" href=\"https:\/\/www.flickr.com\/photos\/zigazou76\/32521550492\/in\/dateposted\/\" data-flickr-embed=\"true\"><img loading=\"lazy\" decoding=\"async\" title=\"Dernier calage\" src=\"https:\/\/c1.staticflickr.com\/1\/497\/32521550492_90dfd07407.jpg\" alt=\"Installation de la roue aube place Saint-Hilaire\" width=\"500\" height=\"332\" \/><\/a><figcaption class=\"wp-caption-text\">Dernier calage<\/figcaption><\/figure>\n<p><script async src=\"\/\/embedr.flickr.com\/assets\/client-code.js\" charset=\"utf-8\"><\/script><\/p>\n<figure style=\"width: 500px\" class=\"wp-caption aligncenter\"><a title=\"Installation de la roue aube place Saint-Hilaire\" href=\"https:\/\/www.flickr.com\/photos\/zigazou76\/32674337605\/in\/dateposted\/\" data-flickr-embed=\"true\"><img loading=\"lazy\" decoding=\"async\" title=\"Photo de groupe avec les b\u00e9n\u00e9voles, Val\u00e9rie Fourneyron (D\u00e9put\u00e9e et ancienne Ministre), Ludovic Delesque (Conseiller Municipal) et les Conseillers de Quartier\" src=\"https:\/\/c1.staticflickr.com\/1\/655\/32674337605_c58a84732f.jpg\" alt=\"Installation de la roue aube place Saint-Hilaire\" width=\"500\" height=\"333\" \/><\/a><figcaption class=\"wp-caption-text\">Photo de groupe avec les b\u00e9n\u00e9voles, Val\u00e9rie Fourneyron (D\u00e9put\u00e9e et ancienne Ministre), Ludovic Delesque (Conseiller Municipal) et les Conseillers de Quartier<\/figcaption><\/figure>\n<p><script async src=\"\/\/embedr.flickr.com\/assets\/client-code.js\" charset=\"utf-8\"><\/script><\/p>\n<figure style=\"width: 500px\" class=\"wp-caption aligncenter\"><a title=\"Installation de la roue aube place Saint-Hilaire\" href=\"https:\/\/www.flickr.com\/photos\/zigazou76\/32526018382\/in\/dateposted\/\" data-flickr-embed=\"true\"><img loading=\"lazy\" decoding=\"async\" title=\"Le rond-point vu de la Clinique Saint-Hilaire\" src=\"https:\/\/c1.staticflickr.com\/1\/701\/32526018382_aa01d6bc5a.jpg\" alt=\"Installation de la roue aube place Saint-Hilaire\" width=\"500\" height=\"333\" \/><\/a><figcaption class=\"wp-caption-text\">Le rond-point vu de la Clinique Saint-Hilaire<\/figcaption><\/figure>\n<p><script async src=\"\/\/embedr.flickr.com\/assets\/client-code.js\" charset=\"utf-8\"><\/script><\/p>\n<figure style=\"width: 500px\" class=\"wp-caption aligncenter\"><a title=\"Installation de la roue aube place Saint-Hilaire\" href=\"https:\/\/www.flickr.com\/photos\/zigazou76\/32552277091\/in\/dateposted\/\" data-flickr-embed=\"true\"><img loading=\"lazy\" decoding=\"async\" title=\"Le rond-point vu de la Clinique Saint-Hilaire\" src=\"https:\/\/c1.staticflickr.com\/1\/661\/32552277091_de7bfe16ca.jpg\" alt=\"Installation de la roue aube place Saint-Hilaire\" width=\"500\" height=\"333\" \/><\/a><figcaption class=\"wp-caption-text\">Le rond-point vu de la Clinique Saint-Hilaire<\/figcaption><\/figure>\n<p><script async src=\"\/\/embedr.flickr.com\/assets\/client-code.js\" charset=\"utf-8\"><\/script><\/p>\n","protected":false},"excerpt":{"rendered":"<p>Dans la soir\u00e9e du 2 f\u00e9vrier 2017, le Centre d\u2019Histoire Sociale a install\u00e9 une roue con\u00e7ue et fabriqu\u00e9e par ses b\u00e9n\u00e9voles sur la place Saint-Hilaire. Command\u00e9e par les Conseils de Quartier de la Ville de Rouen Cependant, la roue n\u2019est pas compl\u00e8tement finie. Les b\u00e9n\u00e9voles installeront les aubes dans la journ\u00e9e du 3 f\u00e9vrier 2017. &hellip; <a href=\"https:\/\/expotec103.fr\/index.php\/2017\/02\/03\/installation-de-la-roue-saint-hilaire\/\" class=\"more-link\">Continuer la lecture de <span class=\"screen-reader-text\">Installation de la roue Saint-Hilaire<\/span><\/a><\/p>\n","protected":false},"author":1,"featured_media":0,"comment_status":"closed","ping_status":"closed","sticky":false,"template":"","format":"standard","meta":{"footnotes":""},"categories":[20],"tags":[],"_links":{"self":[{"href":"https:\/\/expotec103.fr\/index.php\/wp-json\/wp\/v2\/posts\/1203"}],"collection":[{"href":"https:\/\/expotec103.fr\/index.php\/wp-json\/wp\/v2\/posts"}],"about":[{"href":"https:\/\/expotec103.fr\/index.php\/wp-json\/wp\/v2\/types\/post"}],"author":[{"embeddable":true,"href":"https:\/\/expotec103.fr\/index.php\/wp-json\/wp\/v2\/users\/1"}],"replies":[{"embeddable":true,"href":"https:\/\/expotec103.fr\/index.php\/wp-json\/wp\/v2\/comments?post=1203"}],"version-history":[{"count":1,"href":"https:\/\/expotec103.fr\/index.php\/wp-json\/wp\/v2\/posts\/1203\/revisions"}],"predecessor-version":[{"id":1204,"href":"https:\/\/expotec103.fr\/index.php\/wp-json\/wp\/v2\/posts\/1203\/revisions\/1204"}],"wp:attachment":[{"href":"https:\/\/expotec103.fr\/index.php\/wp-json\/wp\/v2\/media?parent=1203"}],"wp:term":[{"taxonomy":"category","embeddable":true,"href":"https:\/\/expotec103.fr\/index.php\/wp-json\/wp\/v2\/categories?post=1203"},{"taxonomy":"post_tag","embeddable":true,"href":"https:\/\/expotec103.fr\/index.php\/wp-json\/wp\/v2\/tags?post=1203"}],"curies":[{"name":"wp","href":"https:\/\/api.w.org\/{rel}","templated":true}]}}