{"id":1209,"date":"2017-03-02T16:48:11","date_gmt":"2017-03-02T15:48:11","guid":{"rendered":"http:\/\/www.expotec103.fr\/?p=1209"},"modified":"2017-03-02T16:48:11","modified_gmt":"2017-03-02T15:48:11","slug":"les-premiers-rendez-vous-de-lannee","status":"publish","type":"post","link":"https:\/\/expotec103.fr\/index.php\/2017\/03\/02\/les-premiers-rendez-vous-de-lannee\/","title":{"rendered":"Les premiers rendez-vous de l&rsquo;ann\u00e9e"},"content":{"rendered":"<p>Apr\u00e8s une tr\u00eave hivernale m\u00e9rit\u00e9e, les b\u00e9n\u00e9voles du centre d&rsquo;histoire sociale vous donnent rendez-vous pour une nouvelle ann\u00e9e d&rsquo;activit\u00e9s.<\/p>\n<p>&nbsp;<\/p>\n<p><strong>vendredi 3 mars 2017 de 14h \u00e0 18h\u00a0<\/strong><\/p>\n<p><strong><a href=\"http:\/\/www.expotec103.fr\/wp-content\/uploads\/2016\/05\/image.jpeg\"><img loading=\"lazy\" decoding=\"async\" class=\"alignnone size-full wp-image-1070\" src=\"http:\/\/www.expotec103.fr\/wp-content\/uploads\/2016\/05\/image.jpeg\" alt=\"\" width=\"1200\" height=\"1200\" \/><\/a><\/strong>Confection et vente de pains, brioches et chaussons aux pommes au profit de l&rsquo;association.<\/p>\n<p>Lieu de rendez-vous : Esplanade Jean-Pierre ENGELHARD (rue de la Pannevert) ROUEN<\/p>\n<p>de 14h \u00e0 18h (ou \u00e9puisement des stocks)<\/p>\n<p>&nbsp;<\/p>\n<p><strong>Dimanche 5 mars 2017 de 14h30 \u00e0 17h<\/strong><\/p>\n<figure id=\"attachment_974\" aria-describedby=\"caption-attachment-974\" style=\"width: 500px\" class=\"wp-caption alignnone\"><a href=\"http:\/\/www.expotec103.fr\/wp-content\/uploads\/2013\/11\/marine-citeos-eclairage.jpg\"><img loading=\"lazy\" decoding=\"async\" class=\"size-full wp-image-974\" src=\"http:\/\/www.expotec103.fr\/wp-content\/uploads\/2013\/11\/marine-citeos-eclairage.jpg\" alt=\"Marine - \u00c9clairage Cit\u00e9os\" width=\"500\" height=\"333\" \/><\/a><figcaption id=\"caption-attachment-974\" class=\"wp-caption-text\">Marine &#8211; \u00c9clairage Cit\u00e9os<\/figcaption><\/figure>\n<p>R\u00e9ouverture au public d&rsquo;EXPOTEC 103 mus\u00e9e des sciences et techniques.<\/p>\n<p>De 14h30 \u00e0 17h, les b\u00e9n\u00e9voles vous accueilleront et pr\u00e9senteront le mus\u00e9e, avec les derni\u00e8res machines misent en mouvement.<\/p>\n<p>Lieu: EXPOTEC 103 &#8211; 13 rue Saint Gilles 76000 ROUEN<\/p>\n<p>entr\u00e9e 2\u20ac \u00a0 \u00a0 \u00a0 \u00a0 \u00a0gratuit -12 ans et adh\u00e9rents.<\/p>\n<p>Vous appr\u00e9ciez notre travail, soutenez-nous et adh\u00e9rez 20\u20ac pour l&rsquo;ann\u00e9e.<\/p>\n<p>&nbsp;<\/p>\n<p><b>R\u00e9ception de groupes et scolaires\u00a0<\/b><\/p>\n<p>Toute l&rsquo;ann\u00e9e, en s&rsquo;inscrivant sur le site internet ou appelant le 0232080841.<\/p>\n<p>&nbsp;<\/p>\n","protected":false},"excerpt":{"rendered":"<p>Apr\u00e8s une tr\u00eave hivernale m\u00e9rit\u00e9e, les b\u00e9n\u00e9voles du centre d&rsquo;histoire sociale vous donnent rendez-vous pour une nouvelle ann\u00e9e d&rsquo;activit\u00e9s. &nbsp; vendredi 3 mars 2017 de 14h \u00e0 18h\u00a0 Confection et vente de pains, brioches et chaussons aux pommes au profit de l&rsquo;association. Lieu de rendez-vous : Esplanade Jean-Pierre ENGELHARD (rue de la Pannevert) ROUEN de &hellip; <a href=\"https:\/\/expotec103.fr\/index.php\/2017\/03\/02\/les-premiers-rendez-vous-de-lannee\/\" class=\"more-link\">Continuer la lecture de <span class=\"screen-reader-text\">Les premiers rendez-vous de l&rsquo;ann\u00e9e<\/span><\/a><\/p>\n","protected":false},"author":2,"featured_media":0,"comment_status":"closed","ping_status":"closed","sticky":false,"template":"","format":"standard","meta":{"footnotes":""},"categories":[1],"tags":[],"_links":{"self":[{"href":"https:\/\/expotec103.fr\/index.php\/wp-json\/wp\/v2\/posts\/1209"}],"collection":[{"href":"https:\/\/expotec103.fr\/index.php\/wp-json\/wp\/v2\/posts"}],"about":[{"href":"https:\/\/expotec103.fr\/index.php\/wp-json\/wp\/v2\/types\/post"}],"author":[{"embeddable":true,"href":"https:\/\/expotec103.fr\/index.php\/wp-json\/wp\/v2\/users\/2"}],"replies":[{"embeddable":true,"href":"https:\/\/expotec103.fr\/index.php\/wp-json\/wp\/v2\/comments?post=1209"}],"version-history":[{"count":2,"href":"https:\/\/expotec103.fr\/index.php\/wp-json\/wp\/v2\/posts\/1209\/revisions"}],"predecessor-version":[{"id":1211,"href":"https:\/\/expotec103.fr\/index.php\/wp-json\/wp\/v2\/posts\/1209\/revisions\/1211"}],"wp:attachment":[{"href":"https:\/\/expotec103.fr\/index.php\/wp-json\/wp\/v2\/media?parent=1209"}],"wp:term":[{"taxonomy":"category","embeddable":true,"href":"https:\/\/expotec103.fr\/index.php\/wp-json\/wp\/v2\/categories?post=1209"},{"taxonomy":"post_tag","embeddable":true,"href":"https:\/\/expotec103.fr\/index.php\/wp-json\/wp\/v2\/tags?post=1209"}],"curies":[{"name":"wp","href":"https:\/\/api.w.org\/{rel}","templated":true}]}}