{"id":121,"date":"2010-01-01T12:55:47","date_gmt":"2010-01-01T11:55:47","guid":{"rendered":"http:\/\/www.expotec103.com\/?p=121"},"modified":"2010-01-01T12:55:47","modified_gmt":"2010-01-01T11:55:47","slug":"video-des-25-ans-du-chs","status":"publish","type":"post","link":"https:\/\/expotec103.fr\/index.php\/2010\/01\/01\/video-des-25-ans-du-chs\/","title":{"rendered":"Vid\u00e9o des 25 ans du CHS"},"content":{"rendered":"<p>Le CHS a f\u00eat\u00e9 l\u2019ann\u00e9e derni\u00e8re ses 25 ans. \u00c0 l\u2019origine, l\u2019exposition organis\u00e9e pour l\u2019occasion devait se tenir \u00e0 la Halle aux Toiles mais nous n\u2019avons pas pu l\u2019avoir pour la semaine du 9 au 15 novembre 2009.<\/p>\n<p>Nous avons heureusement pu avoir l\u2019abbatiale Saint-Ouen !<\/p>\n<p><iframe loading=\"lazy\" frameborder=\"0\" width=\"660\" height=\"494\" src=\"http:\/\/www.dailymotion.com\/embed\/video\/xbpegk\" allowfullscreen><\/iframe><\/p>\n<p>[mappress] <\/p>\n","protected":false},"excerpt":{"rendered":"<p>Le CHS a f\u00eat\u00e9 l\u2019ann\u00e9e derni\u00e8re ses 25 ans. \u00c0 l\u2019origine, l\u2019exposition organis\u00e9e pour l\u2019occasion devait se tenir \u00e0 la Halle aux Toiles mais nous n\u2019avons pas pu l\u2019avoir pour la semaine du 9 au 15 novembre 2009. Nous avons heureusement pu avoir l\u2019abbatiale Saint-Ouen ! [mappress]<\/p>\n","protected":false},"author":1,"featured_media":0,"comment_status":"open","ping_status":"open","sticky":false,"template":"","format":"standard","meta":{"footnotes":""},"categories":[24,23],"tags":[33,46,144,293],"_links":{"self":[{"href":"https:\/\/expotec103.fr\/index.php\/wp-json\/wp\/v2\/posts\/121"}],"collection":[{"href":"https:\/\/expotec103.fr\/index.php\/wp-json\/wp\/v2\/posts"}],"about":[{"href":"https:\/\/expotec103.fr\/index.php\/wp-json\/wp\/v2\/types\/post"}],"author":[{"embeddable":true,"href":"https:\/\/expotec103.fr\/index.php\/wp-json\/wp\/v2\/users\/1"}],"replies":[{"embeddable":true,"href":"https:\/\/expotec103.fr\/index.php\/wp-json\/wp\/v2\/comments?post=121"}],"version-history":[{"count":0,"href":"https:\/\/expotec103.fr\/index.php\/wp-json\/wp\/v2\/posts\/121\/revisions"}],"wp:attachment":[{"href":"https:\/\/expotec103.fr\/index.php\/wp-json\/wp\/v2\/media?parent=121"}],"wp:term":[{"taxonomy":"category","embeddable":true,"href":"https:\/\/expotec103.fr\/index.php\/wp-json\/wp\/v2\/categories?post=121"},{"taxonomy":"post_tag","embeddable":true,"href":"https:\/\/expotec103.fr\/index.php\/wp-json\/wp\/v2\/tags?post=121"}],"curies":[{"name":"wp","href":"https:\/\/api.w.org\/{rel}","templated":true}]}}