{"id":127,"date":"2010-01-01T20:52:52","date_gmt":"2010-01-01T19:52:52","guid":{"rendered":"http:\/\/www.expotec103.com\/?p=127"},"modified":"2010-01-01T20:52:52","modified_gmt":"2010-01-01T19:52:52","slug":"photos-des-25-ans-du-chs","status":"publish","type":"post","link":"https:\/\/expotec103.fr\/index.php\/2010\/01\/01\/photos-des-25-ans-du-chs\/","title":{"rendered":"Photos des 25 ans du CHS"},"content":{"rendered":"<p>L\u2019exposition des 25 ans du CHS \u00e0 l\u2019abbatiale Saint-Ouen consistait en la pr\u00e9sentation de certaines pi\u00e8ces de l\u2019association et de panneaux r\u00e9alis\u00e9s par le Perroquet Bleu.<\/p>\n<figure style=\"width: 375px\" class=\"wp-caption aligncenter\"><a title=\"Refouleuse de zigazou76, sur Flickr\" href=\"http:\/\/www.flickr.com\/photos\/zigazou76\/4197806834\/\"><img loading=\"lazy\" decoding=\"async\" title=\"Refouleuse\" src=\"http:\/\/farm3.static.flickr.com\/2608\/4197806834_987e315d68.jpg\" alt=\"Refouleuse\" width=\"375\" height=\"500\" \/><\/a><figcaption class=\"wp-caption-text\">Refouleuse<\/figcaption><\/figure>\n<p>Un coin \u00e9tait r\u00e9serv\u00e9 pour accueillir une revue de presse des diff\u00e9rentes actions du CHS.<\/p>\n<figure style=\"width: 500px\" class=\"wp-caption aligncenter\"><a title=\"Revue de presse des 25 ans de zigazou76, sur Flickr\" href=\"http:\/\/www.flickr.com\/photos\/zigazou76\/4197821256\/\"><img loading=\"lazy\" decoding=\"async\" title=\"Revue de presse\" src=\"http:\/\/farm3.static.flickr.com\/2592\/4197821256_dc30245754.jpg\" alt=\"Revue de presse des 25 ans\" width=\"500\" height=\"375\" \/><\/a><figcaption class=\"wp-caption-text\">Revue de presse<\/figcaption><\/figure>\n<p>La lumi\u00e8re de l\u2019abbatiale permet de jouer avec les ombres et de donner ainsi une autre dimension aux pi\u00e8ces expos\u00e9es.<\/p>\n<figure style=\"width: 500px\" class=\"wp-caption aligncenter\"><a title=\"Motopompe Conord de zigazou76, sur Flickr\" href=\"http:\/\/www.flickr.com\/photos\/zigazou76\/4197059417\/\"><img loading=\"lazy\" decoding=\"async\" title=\"Motopompe Conord\" src=\"http:\/\/farm3.static.flickr.com\/2713\/4197059417_09a21c7a8a.jpg\" alt=\"Motopompe Conord\" width=\"500\" height=\"375\" \/><\/a><figcaption class=\"wp-caption-text\">Motopompe Conord<\/figcaption><\/figure>\n<p>La maquette du moulin Saint-Gilles accueillait les visiteurs.<\/p>\n<figure style=\"width: 500px\" class=\"wp-caption aligncenter\"><a title=\"Maquette du Moulin Saint-Gilles de zigazou76, sur Flickr\" href=\"http:\/\/www.flickr.com\/photos\/zigazou76\/4197792896\/\"><img loading=\"lazy\" decoding=\"async\" title=\"Maquette du moulin Saint-Gilles\" src=\"http:\/\/farm3.static.flickr.com\/2796\/4197792896_37d6695374.jpg\" alt=\"Maquette du Moulin Saint-Gilles\" width=\"500\" height=\"375\" \/><\/a><figcaption class=\"wp-caption-text\">Maquette du moulin Saint-Gilles<\/figcaption><\/figure>\n<p>La pi\u00e8ce la plus imposante : la machine \u00e0 vapeur Merlin (sans sa chaudi\u00e8re). Le scotch noir sur le volant d\u2019inertie permettait de savoir dans quelle position il fallait le placer pour pouvoir la faire repartir, le compresseur ne pouvant pas maintenir une pression suffisante en permanence.<\/p>\n<figure style=\"width: 500px\" class=\"wp-caption aligncenter\"><a title=\"Machine \u00e0 vapeur Merlin de zigazou76, sur Flickr\" href=\"http:\/\/www.flickr.com\/photos\/zigazou76\/4197075781\/\"><img loading=\"lazy\" decoding=\"async\" title=\"Machine \u00e0 vapeur Merlin\" src=\"http:\/\/farm5.static.flickr.com\/4040\/4197075781_da5080e54a.jpg\" alt=\"Machine \u00e0 vapeur Merlin\" width=\"500\" height=\"375\" \/><\/a><figcaption class=\"wp-caption-text\">Machine \u00e0 vapeur Merlin<\/figcaption><\/figure>\n<p>La hauteur de l\u2019abbatiale a t\u00f4t fait d\u2019\u00e9craser les pi\u00e8ces expos\u00e9es.<\/p>\n<figure style=\"width: 375px\" class=\"wp-caption aligncenter\"><a title=\"Exposition des 25 ans de zigazou76, sur Flickr\" href=\"http:\/\/www.flickr.com\/photos\/zigazou76\/4197828588\/\"><img loading=\"lazy\" decoding=\"async\" title=\"Exposition vue du dessus\" src=\"http:\/\/farm3.static.flickr.com\/2688\/4197828588_e6995304bc.jpg\" alt=\"Exposition des 25 ans\" width=\"375\" height=\"500\" \/><\/a><figcaption class=\"wp-caption-text\">Exposition vue du dessus<\/figcaption><\/figure>\n<p>La pompe Girodias en mouvement permettait aux visiteurs d\u2019en appr\u00e9cier la complexit\u00e9.<\/p>\n<figure style=\"width: 500px\" class=\"wp-caption aligncenter\"><a title=\"Pompe Girodias de zigazou76, sur Flickr\" href=\"http:\/\/www.flickr.com\/photos\/zigazou76\/4197046323\/\"><img loading=\"lazy\" decoding=\"async\" title=\"Pompe Girodias\" src=\"http:\/\/farm3.static.flickr.com\/2538\/4197046323_847d7aa92c.jpg\" alt=\"Pompe Girodias\" width=\"500\" height=\"375\" \/><\/a><figcaption class=\"wp-caption-text\">Pompe Girodias<\/figcaption><\/figure>\n<p>Comme pr\u00e9cis\u00e9 au d\u00e9but, les 130 panneaux qui intouraient l\u2019exposition ont \u00e9t\u00e9 r\u00e9alis\u00e9s par le Perroquet Bleu.<\/p>\n<figure style=\"width: 500px\" class=\"wp-caption aligncenter\"><a title=\"Affichage des 25 ans de zigazou76, sur Flickr\" href=\"http:\/\/www.flickr.com\/photos\/zigazou76\/4197807936\/\"><img loading=\"lazy\" decoding=\"async\" title=\"Panneaux de l\u2019exposition\" src=\"http:\/\/farm5.static.flickr.com\/4004\/4197807936_862523b528.jpg\" alt=\"Affichage des 25 ans\" width=\"500\" height=\"375\" \/><\/a><figcaption class=\"wp-caption-text\">Panneaux de l\u2019exposition<\/figcaption><\/figure>\n<p>Les amateurs de photographie pouvant s\u2019en donner \u00e0 c\u0153ur joie, l\u2019exposition regorgeant de perspectives. Ici, la roue \u00e0 aubes.<\/p>\n<figure style=\"width: 500px\" class=\"wp-caption aligncenter\"><a title=\"Roue \u00e0 aubes de zigazou76, sur Flickr\" href=\"http:\/\/www.flickr.com\/photos\/zigazou76\/4197065125\/\"><img loading=\"lazy\" decoding=\"async\" title=\"Roue \u00e0 aubes\" src=\"http:\/\/farm3.static.flickr.com\/2607\/4197065125_b87750267b.jpg\" alt=\"Roue \u00e0 aubes\" width=\"500\" height=\"375\" \/><\/a><figcaption class=\"wp-caption-text\">Roue \u00e0 aubes<\/figcaption><\/figure>\n<p>L\u2019espace imprimerie et typographie se tenait au milieu de l\u2019exposition.<\/p>\n<figure style=\"width: 500px\" class=\"wp-caption aligncenter\"><a title=\"Espace imprimerie et typographie de zigazou76, sur Flickr\" href=\"http:\/\/www.flickr.com\/photos\/zigazou76\/4197810188\/\"><img loading=\"lazy\" decoding=\"async\" title=\"Espace imprimerie et typographie\" src=\"http:\/\/farm3.static.flickr.com\/2589\/4197810188_e075808279.jpg\" alt=\"Espace imprimerie et typographie\" width=\"500\" height=\"375\" \/><\/a><figcaption class=\"wp-caption-text\">Espace imprimerie et typographie<\/figcaption><\/figure>\n<p style=\"text-align: center;\">\n<p>[mappress] <\/p>\n","protected":false},"excerpt":{"rendered":"<p>L\u2019exposition des 25 ans du CHS \u00e0 l\u2019abbatiale Saint-Ouen consistait en la pr\u00e9sentation de certaines pi\u00e8ces de l\u2019association et de panneaux r\u00e9alis\u00e9s par le Perroquet Bleu. Un coin \u00e9tait r\u00e9serv\u00e9 pour accueillir une revue de presse des diff\u00e9rentes actions du CHS. La lumi\u00e8re de l\u2019abbatiale permet de jouer avec les ombres et de donner ainsi &hellip; <a href=\"https:\/\/expotec103.fr\/index.php\/2010\/01\/01\/photos-des-25-ans-du-chs\/\" class=\"more-link\">Continuer la lecture de <span class=\"screen-reader-text\">Photos des 25 ans du CHS<\/span><\/a><\/p>\n","protected":false},"author":1,"featured_media":0,"comment_status":"open","ping_status":"open","sticky":false,"template":"","format":"standard","meta":{"footnotes":""},"categories":[24],"tags":[33,46,144,293],"_links":{"self":[{"href":"https:\/\/expotec103.fr\/index.php\/wp-json\/wp\/v2\/posts\/127"}],"collection":[{"href":"https:\/\/expotec103.fr\/index.php\/wp-json\/wp\/v2\/posts"}],"about":[{"href":"https:\/\/expotec103.fr\/index.php\/wp-json\/wp\/v2\/types\/post"}],"author":[{"embeddable":true,"href":"https:\/\/expotec103.fr\/index.php\/wp-json\/wp\/v2\/users\/1"}],"replies":[{"embeddable":true,"href":"https:\/\/expotec103.fr\/index.php\/wp-json\/wp\/v2\/comments?post=127"}],"version-history":[{"count":0,"href":"https:\/\/expotec103.fr\/index.php\/wp-json\/wp\/v2\/posts\/127\/revisions"}],"wp:attachment":[{"href":"https:\/\/expotec103.fr\/index.php\/wp-json\/wp\/v2\/media?parent=127"}],"wp:term":[{"taxonomy":"category","embeddable":true,"href":"https:\/\/expotec103.fr\/index.php\/wp-json\/wp\/v2\/categories?post=127"},{"taxonomy":"post_tag","embeddable":true,"href":"https:\/\/expotec103.fr\/index.php\/wp-json\/wp\/v2\/tags?post=127"}],"curies":[{"name":"wp","href":"https:\/\/api.w.org\/{rel}","templated":true}]}}