{"id":16,"date":"2009-12-20T18:47:40","date_gmt":"2009-12-20T17:47:40","guid":{"rendered":"http:\/\/www.expotec103.com\/?p=16"},"modified":"2009-12-20T18:47:40","modified_gmt":"2009-12-20T17:47:40","slug":"videos-du-moteur-mustad","status":"publish","type":"post","link":"https:\/\/expotec103.fr\/index.php\/2009\/12\/20\/videos-du-moteur-mustad\/","title":{"rendered":"Vid\u00e9os du moteur Mustad"},"content":{"rendered":"<p>Deux vid\u00e9os sont disponibles sur le moteur Mustad.<\/p>\n<p>La premi\u00e8re vid\u00e9o a \u00e9t\u00e9 r\u00e9alis\u00e9e par la ville de Rouen avec Jean-Pierre Engelhard en voix off.<\/p>\n<p><iframe loading=\"lazy\" frameborder=\"0\" width=\"660\" height=\"379\" src=\"http:\/\/www.dailymotion.com\/embed\/video\/x953sk\" allowfullscreen><\/iframe><\/p>\n<p><iframe loading=\"lazy\" frameborder=\"0\" width=\"660\" height=\"494\" src=\"http:\/\/www.dailymotion.com\/embed\/video\/xam9mh\" allowfullscreen><\/iframe> <\/p>\n","protected":false},"excerpt":{"rendered":"<p>Deux vid\u00e9os sont disponibles sur le moteur Mustad. La premi\u00e8re vid\u00e9o a \u00e9t\u00e9 r\u00e9alis\u00e9e par la ville de Rouen avec Jean-Pierre Engelhard en voix off.<\/p>\n","protected":false},"author":1,"featured_media":0,"comment_status":"open","ping_status":"open","sticky":false,"template":"","format":"standard","meta":{"footnotes":""},"categories":[28,23],"tags":[219,226],"_links":{"self":[{"href":"https:\/\/expotec103.fr\/index.php\/wp-json\/wp\/v2\/posts\/16"}],"collection":[{"href":"https:\/\/expotec103.fr\/index.php\/wp-json\/wp\/v2\/posts"}],"about":[{"href":"https:\/\/expotec103.fr\/index.php\/wp-json\/wp\/v2\/types\/post"}],"author":[{"embeddable":true,"href":"https:\/\/expotec103.fr\/index.php\/wp-json\/wp\/v2\/users\/1"}],"replies":[{"embeddable":true,"href":"https:\/\/expotec103.fr\/index.php\/wp-json\/wp\/v2\/comments?post=16"}],"version-history":[{"count":0,"href":"https:\/\/expotec103.fr\/index.php\/wp-json\/wp\/v2\/posts\/16\/revisions"}],"wp:attachment":[{"href":"https:\/\/expotec103.fr\/index.php\/wp-json\/wp\/v2\/media?parent=16"}],"wp:term":[{"taxonomy":"category","embeddable":true,"href":"https:\/\/expotec103.fr\/index.php\/wp-json\/wp\/v2\/categories?post=16"},{"taxonomy":"post_tag","embeddable":true,"href":"https:\/\/expotec103.fr\/index.php\/wp-json\/wp\/v2\/tags?post=16"}],"curies":[{"name":"wp","href":"https:\/\/api.w.org\/{rel}","templated":true}]}}