{"id":1760,"date":"2019-10-05T16:16:38","date_gmt":"2019-10-05T15:16:38","guid":{"rendered":"http:\/\/www.expotec103.fr\/?p=1760"},"modified":"2019-10-05T16:16:38","modified_gmt":"2019-10-05T15:16:38","slug":"annulation-soiree-cabaret","status":"publish","type":"post","link":"https:\/\/expotec103.fr\/index.php\/2019\/10\/05\/annulation-soiree-cabaret\/","title":{"rendered":"Annulation soir\u00e9e cabaret"},"content":{"rendered":"<p>Rappel<br \/>\nLa soir\u00e9e cabaret au b\u00e9n\u00e9fice du centre d\u2019histoire sociale a \u00e9t\u00e9 contrainte d\u2019\u00eatre annul\u00e9e.<br \/>\nD\u00e9sol\u00e9 de la g\u00eane occasionn\u00e9<br \/>\nSylvain Engelhard<\/p>\n","protected":false},"excerpt":{"rendered":"<p>Rappel La soir\u00e9e cabaret au b\u00e9n\u00e9fice du centre d\u2019histoire sociale a \u00e9t\u00e9 contrainte d\u2019\u00eatre annul\u00e9e. D\u00e9sol\u00e9 de la g\u00eane occasionn\u00e9 Sylvain Engelhard<\/p>\n","protected":false},"author":2,"featured_media":0,"comment_status":"closed","ping_status":"closed","sticky":false,"template":"","format":"standard","meta":{"footnotes":""},"categories":[1],"tags":[],"_links":{"self":[{"href":"https:\/\/expotec103.fr\/index.php\/wp-json\/wp\/v2\/posts\/1760"}],"collection":[{"href":"https:\/\/expotec103.fr\/index.php\/wp-json\/wp\/v2\/posts"}],"about":[{"href":"https:\/\/expotec103.fr\/index.php\/wp-json\/wp\/v2\/types\/post"}],"author":[{"embeddable":true,"href":"https:\/\/expotec103.fr\/index.php\/wp-json\/wp\/v2\/users\/2"}],"replies":[{"embeddable":true,"href":"https:\/\/expotec103.fr\/index.php\/wp-json\/wp\/v2\/comments?post=1760"}],"version-history":[{"count":1,"href":"https:\/\/expotec103.fr\/index.php\/wp-json\/wp\/v2\/posts\/1760\/revisions"}],"predecessor-version":[{"id":1761,"href":"https:\/\/expotec103.fr\/index.php\/wp-json\/wp\/v2\/posts\/1760\/revisions\/1761"}],"wp:attachment":[{"href":"https:\/\/expotec103.fr\/index.php\/wp-json\/wp\/v2\/media?parent=1760"}],"wp:term":[{"taxonomy":"category","embeddable":true,"href":"https:\/\/expotec103.fr\/index.php\/wp-json\/wp\/v2\/categories?post=1760"},{"taxonomy":"post_tag","embeddable":true,"href":"https:\/\/expotec103.fr\/index.php\/wp-json\/wp\/v2\/tags?post=1760"}],"curies":[{"name":"wp","href":"https:\/\/api.w.org\/{rel}","templated":true}]}}