{"id":1768,"date":"2019-11-14T23:46:16","date_gmt":"2019-11-14T22:46:16","guid":{"rendered":"http:\/\/www.expotec103.fr\/?p=1768"},"modified":"2020-04-07T18:04:46","modified_gmt":"2020-04-07T17:04:46","slug":"saint-eloi-2020-t","status":"publish","type":"post","link":"https:\/\/expotec103.fr\/index.php\/2019\/11\/14\/saint-eloi-2020-t\/","title":{"rendered":"Saint Eloi 2019"},"content":{"rendered":"<p><a href=\"https:\/\/www.expotec103.fr\/wp-content\/uploads\/2019\/11\/ADBEF059-3A3A-4084-B7EE-8C87302D6C13.jpeg\"><img loading=\"lazy\" decoding=\"async\" class=\"alignnone wp-image-1763 size-full\" src=\"https:\/\/expotec103.fr\/wp-content\/uploads\/2019\/11\/ADBEF059-3A3A-4084-B7EE-8C87302D6C13.jpeg\" alt=\"\" width=\"720\" height=\"960\" \/><\/a>Le centre d\u2019histoire sociale vous accueille<\/p>\n<p>les samedi 30 novembre et dimanche 1er Decembre<\/p>\n<p>au mus\u00e9e Expotec 103 ( 13 rue saint Gilles ROUEN )<\/p>\n<p>Deux jours d\u2019animations autour de la forge MUSTAD avec :<\/p>\n<p><a href=\"https:\/\/www.expotec103.fr\/wp-content\/uploads\/2019\/11\/25D6D653-27CF-402D-AED1-201D7D95F369.jpeg\"><img loading=\"lazy\" decoding=\"async\" class=\"alignnone wp-image-1764 size-full\" src=\"https:\/\/expotec103.fr\/wp-content\/uploads\/2019\/11\/25D6D653-27CF-402D-AED1-201D7D95F369.jpeg\" alt=\"\" width=\"960\" height=\"720\" \/><\/a><\/p>\n<p>Noemie, Marie, Marc, Maxime, Joris, Gabriel, T\u00e9ophile, \u00a0R\u00e9my et les plastiqueurs.<\/p>\n<p>Invit\u00e9s d\u2019honneur Jean-Pierre Leuleu et Christian Boutroux fondeurs. Devant le public ils d\u00e9voileront leurs secrets, r\u00e9aliseront une fonte en direct et pr\u00e9senteront leur travail.<\/p>\n<p>Mise en lumi\u00e8re de la fa\u00e7ade du moulin et de quelques \u00e9l\u00e9ments techniques et industriel par notre partenaire CITEOS<\/p>\n<p><a href=\"https:\/\/www.expotec103.fr\/wp-content\/uploads\/2017\/04\/image-13.jpeg\"><img loading=\"lazy\" decoding=\"async\" class=\"alignnone wp-image-1315 size-medium\" src=\"https:\/\/expotec103.fr\/wp-content\/uploads\/2017\/04\/image-13-300x221.jpeg\" alt=\"\" width=\"300\" height=\"221\" srcset=\"https:\/\/expotec103.fr\/wp-content\/uploads\/2017\/04\/image-13-300x221.jpeg 300w, https:\/\/expotec103.fr\/wp-content\/uploads\/2017\/04\/image-13.jpeg 515w\" sizes=\"(max-width: 300px) 100vw, 300px\" \/><\/a>\u00a0<a href=\"https:\/\/www.expotec103.fr\/wp-content\/uploads\/2017\/04\/image-15.jpeg\"><img loading=\"lazy\" decoding=\"async\" class=\"alignnone wp-image-1317 size-medium\" src=\"https:\/\/expotec103.fr\/wp-content\/uploads\/2017\/04\/image-15-300x200.jpeg\" alt=\"\" width=\"300\" height=\"200\" srcset=\"https:\/\/expotec103.fr\/wp-content\/uploads\/2017\/04\/image-15-300x200.jpeg 300w, https:\/\/expotec103.fr\/wp-content\/uploads\/2017\/04\/image-15-768x511.jpeg 768w, https:\/\/expotec103.fr\/wp-content\/uploads\/2017\/04\/image-15.jpeg 850w\" sizes=\"(max-width: 300px) 100vw, 300px\" \/><\/a><\/p>\n<p>L\u2019ensemble des machines seront en mouvement, et les derni\u00e8res boules de pain, brioches et chaussons aux pommes de l\u2019ann\u00e9e sortiront du four banal de la Pannevert.<\/p>\n<p><a href=\"http:\/\/www.expotec103.fr\/wp-content\/uploads\/2017\/05\/2014-09-20-journ\u00e9es-du-patrimoine-15.jpg\"><br \/>\n<\/a><a href=\"https:\/\/www.expotec103.fr\/wp-content\/uploads\/2017\/05\/2014-09-20-journ\u00e9es-du-patrimoine-15.jpg\"><img loading=\"lazy\" decoding=\"async\" class=\"alignnone wp-image-1341 size-medium\" src=\"https:\/\/expotec103.fr\/wp-content\/uploads\/2017\/05\/2014-09-20-journ\u00e9es-du-patrimoine-15-300x212.jpg\" alt=\"\" width=\"300\" height=\"212\" srcset=\"https:\/\/expotec103.fr\/wp-content\/uploads\/2017\/05\/2014-09-20-journ\u00e9es-du-patrimoine-15-300x212.jpg 300w, https:\/\/expotec103.fr\/wp-content\/uploads\/2017\/05\/2014-09-20-journ\u00e9es-du-patrimoine-15-768x543.jpg 768w, https:\/\/expotec103.fr\/wp-content\/uploads\/2017\/05\/2014-09-20-journ\u00e9es-du-patrimoine-15.jpg 1000w\" sizes=\"(max-width: 300px) 100vw, 300px\" \/><\/a><\/p>\n<p>Pr\u00e9sentation de la roue et de l\u2019avanc\u00e9e des foss\u00e9s recevant les volants.\u00a0<a href=\"http:\/\/www.expotec103.fr\/wp-content\/uploads\/2017\/05\/2014-09-20-journ\u00e9es-du-patrimoine-15.jpg\"><br \/>\n<\/a>-informations \u00a0g\u00e9n\u00e9rales :<\/p>\n<p>ouverture au public samedi 30 Novembre de 14h \u00e0 18h<\/p>\n<p>Dimanche 1er decembre de 10h \u00e0 12h et de 14h \u00e0 18h<\/p>\n<p>participation 3\u20ac\/personne gratuit &#8211; de 12 ans at adh\u00e9rents<\/p>\n<p>parking gratuit.<\/p>\n<p>Fourn\u00e9es de pains d\u00e9s le vendredi 29 novembre. Vente au profit des actions du centre d\u2019histoire sociale<\/p>\n","protected":false},"excerpt":{"rendered":"<p>Le centre d\u2019histoire sociale vous accueille les samedi 30 novembre et dimanche 1er Decembre au mus\u00e9e Expotec 103 ( 13 rue saint Gilles ROUEN ) Deux jours d\u2019animations autour de la forge MUSTAD avec : Noemie, Marie, Marc, Maxime, Joris, Gabriel, T\u00e9ophile, \u00a0R\u00e9my et les plastiqueurs. Invit\u00e9s d\u2019honneur Jean-Pierre Leuleu et Christian Boutroux fondeurs. Devant &hellip; <a href=\"https:\/\/expotec103.fr\/index.php\/2019\/11\/14\/saint-eloi-2020-t\/\" class=\"more-link\">Continuer la lecture de <span class=\"screen-reader-text\">Saint Eloi 2019<\/span><\/a><\/p>\n","protected":false},"author":2,"featured_media":0,"comment_status":"closed","ping_status":"closed","sticky":false,"template":"","format":"standard","meta":{"footnotes":""},"categories":[7],"tags":[],"_links":{"self":[{"href":"https:\/\/expotec103.fr\/index.php\/wp-json\/wp\/v2\/posts\/1768"}],"collection":[{"href":"https:\/\/expotec103.fr\/index.php\/wp-json\/wp\/v2\/posts"}],"about":[{"href":"https:\/\/expotec103.fr\/index.php\/wp-json\/wp\/v2\/types\/post"}],"author":[{"embeddable":true,"href":"https:\/\/expotec103.fr\/index.php\/wp-json\/wp\/v2\/users\/2"}],"replies":[{"embeddable":true,"href":"https:\/\/expotec103.fr\/index.php\/wp-json\/wp\/v2\/comments?post=1768"}],"version-history":[{"count":5,"href":"https:\/\/expotec103.fr\/index.php\/wp-json\/wp\/v2\/posts\/1768\/revisions"}],"predecessor-version":[{"id":1810,"href":"https:\/\/expotec103.fr\/index.php\/wp-json\/wp\/v2\/posts\/1768\/revisions\/1810"}],"wp:attachment":[{"href":"https:\/\/expotec103.fr\/index.php\/wp-json\/wp\/v2\/media?parent=1768"}],"wp:term":[{"taxonomy":"category","embeddable":true,"href":"https:\/\/expotec103.fr\/index.php\/wp-json\/wp\/v2\/categories?post=1768"},{"taxonomy":"post_tag","embeddable":true,"href":"https:\/\/expotec103.fr\/index.php\/wp-json\/wp\/v2\/tags?post=1768"}],"curies":[{"name":"wp","href":"https:\/\/api.w.org\/{rel}","templated":true}]}}