{"id":1885,"date":"2022-03-13T22:36:32","date_gmt":"2022-03-13T21:36:32","guid":{"rendered":"https:\/\/expotec103.fr\/?p=1885"},"modified":"2022-03-13T22:36:32","modified_gmt":"2022-03-13T21:36:32","slug":"a-vos-agendas-2","status":"publish","type":"post","link":"https:\/\/expotec103.fr\/index.php\/2022\/03\/13\/a-vos-agendas-2\/","title":{"rendered":"A vos agendas !!!"},"content":{"rendered":"\n<figure class=\"wp-block-image size-large\"><img decoding=\"async\" src=\"https:\/\/expotec103.fr\/wp-content\/uploads\/2022\/03\/programme-des-manifestations-2022-1-1.pdf\" alt=\"\" class=\"wp-image-1887\" \/><\/figure>\n\n\n\n<p>Chers amis, veuillez trouver ci joint l\u2019agenda 2022 du centre d\u2019histoire Sociale Expotec 103. <\/p>\n\n\n\n<p>En ce d\u00e9but d\u2019ann\u00e9e et au moment o\u00f9 les r\u00e8gles sanitaires commencent \u00e0 s\u2019all\u00e9ger les b\u00e9n\u00e9voles se mobilisent pour vous accueillir les 2 &amp; 3 avril prochain dans le cadre des journ\u00e9es europ\u00e9ennes des m\u00e9tiers d\u2019art et de la saint jean porte latine. <\/p>\n\n\n\n<p>Deux jours d\u2019animations exceptionnel, mais aussi un week-end pour d\u00e9couvrir ou red\u00e9couvrir un mus\u00e9e associatif exceptionnel avec toutes ses nouveaut\u00e9s. Des nouvelles pi\u00e8ces techniques arriv\u00e9es aux nouvelles pi\u00e8ces am\u00e9nag\u00e9es tel la salle de l\u2019informatique. <\/p>\n\n\n\n<p>Informations pratique: <\/p>\n\n\n\n<p>horaires d\u2019ouverture <\/p>\n\n\n\n<p>     Samedi 2 Avril de 14h \u00e0 18h<\/p>\n\n\n\n<p>    Dimanche 3 Avril de 10h \u00e0 12h et de 14h \u00e0 18h <\/p>\n\n\n\n<p>    Participation 3\u20ac\/personne gratuit pour les enfants de &#8211; de 12ans et adh\u00e9rents.<\/p>\n","protected":false},"excerpt":{"rendered":"<p>Chers amis, veuillez trouver ci joint l\u2019agenda 2022 du centre d\u2019histoire Sociale Expotec 103. En ce d\u00e9but d\u2019ann\u00e9e et au moment o\u00f9 les r\u00e8gles sanitaires commencent \u00e0 s\u2019all\u00e9ger les b\u00e9n\u00e9voles se mobilisent pour vous accueillir les 2 &amp; 3 avril prochain dans le cadre des journ\u00e9es europ\u00e9ennes des m\u00e9tiers d\u2019art et de la saint jean &hellip; <a href=\"https:\/\/expotec103.fr\/index.php\/2022\/03\/13\/a-vos-agendas-2\/\" class=\"more-link\">Continuer la lecture de <span class=\"screen-reader-text\">A vos agendas !!!<\/span><\/a><\/p>\n","protected":false},"author":2,"featured_media":0,"comment_status":"closed","ping_status":"closed","sticky":false,"template":"","format":"standard","meta":{"footnotes":""},"categories":[1],"tags":[],"_links":{"self":[{"href":"https:\/\/expotec103.fr\/index.php\/wp-json\/wp\/v2\/posts\/1885"}],"collection":[{"href":"https:\/\/expotec103.fr\/index.php\/wp-json\/wp\/v2\/posts"}],"about":[{"href":"https:\/\/expotec103.fr\/index.php\/wp-json\/wp\/v2\/types\/post"}],"author":[{"embeddable":true,"href":"https:\/\/expotec103.fr\/index.php\/wp-json\/wp\/v2\/users\/2"}],"replies":[{"embeddable":true,"href":"https:\/\/expotec103.fr\/index.php\/wp-json\/wp\/v2\/comments?post=1885"}],"version-history":[{"count":1,"href":"https:\/\/expotec103.fr\/index.php\/wp-json\/wp\/v2\/posts\/1885\/revisions"}],"predecessor-version":[{"id":1888,"href":"https:\/\/expotec103.fr\/index.php\/wp-json\/wp\/v2\/posts\/1885\/revisions\/1888"}],"wp:attachment":[{"href":"https:\/\/expotec103.fr\/index.php\/wp-json\/wp\/v2\/media?parent=1885"}],"wp:term":[{"taxonomy":"category","embeddable":true,"href":"https:\/\/expotec103.fr\/index.php\/wp-json\/wp\/v2\/categories?post=1885"},{"taxonomy":"post_tag","embeddable":true,"href":"https:\/\/expotec103.fr\/index.php\/wp-json\/wp\/v2\/tags?post=1885"}],"curies":[{"name":"wp","href":"https:\/\/api.w.org\/{rel}","templated":true}]}}