{"id":1896,"date":"2022-03-29T21:44:27","date_gmt":"2022-03-29T20:44:27","guid":{"rendered":"https:\/\/expotec103.fr\/?p=1896"},"modified":"2022-03-29T22:23:31","modified_gmt":"2022-03-29T21:23:31","slug":"la-promotion-du-musee-a-la-foire-internationale-de-rouen","status":"publish","type":"post","link":"https:\/\/expotec103.fr\/index.php\/2022\/03\/29\/la-promotion-du-musee-a-la-foire-internationale-de-rouen\/","title":{"rendered":"Les journ\u00e9es europ\u00e9ennes des m\u00e9tiers d\u2019arts et la saint jean porte latine f\u00eate des imprimeurs \u00e0 Expotec 103."},"content":{"rendered":"\n<p>les 2 et 3 Avril prochain le Centre d\u2019histoire sociale vous donne rendez-vous \u00e0 EXPOTEC 103, \u00e0 l\u2019occasion des journ\u00e9es europ\u00e9ennes des m\u00e9tiers d\u2019art et de la f\u00eate des imprimeurs. <\/p>\n\n\n\n<p>Deux jours d\u2019animations et de d\u00e9monstrations. <\/p>\n\n\n\n<p>informations g\u00e9n\u00e9rales:<\/p>\n\n\n\n<p>horaires. Samedi 2 avril de 14h \u00e0 18h <\/p>\n\n\n\n<p>                 Dimanche 3 avril de 10h \u00e0 12h et de 14h \u00e0 18h <\/p>\n\n\n\n<p>participation 3\u20ac\/ personne. Gratuit enfant- 12 ans et Adh\u00e9rents. <\/p>\n\n\n\n<p>Mus\u00e9e Industriel Vivant EXPOTEC 103, 13, rue Saint Gilles 76000 Rouen <\/p>\n\n\n\n<figure class=\"wp-block-image size-large\"><img loading=\"lazy\" decoding=\"async\" width=\"370\" height=\"370\" src=\"https:\/\/expotec103.fr\/wp-content\/uploads\/2022\/03\/48AD853D-F34F-4B80-8BB2-53DA761415AB.png\" alt=\"\" class=\"wp-image-1883\" \/><\/figure>\n\n\n\n<p><\/p>\n","protected":false},"excerpt":{"rendered":"<p>les 2 et 3 Avril prochain le Centre d\u2019histoire sociale vous donne rendez-vous \u00e0 EXPOTEC 103, \u00e0 l\u2019occasion des journ\u00e9es europ\u00e9ennes des m\u00e9tiers d\u2019art et de la f\u00eate des imprimeurs. Deux jours d\u2019animations et de d\u00e9monstrations. informations g\u00e9n\u00e9rales: horaires. Samedi 2 avril de 14h \u00e0 18h Dimanche 3 avril de 10h \u00e0 12h et de &hellip; <a href=\"https:\/\/expotec103.fr\/index.php\/2022\/03\/29\/la-promotion-du-musee-a-la-foire-internationale-de-rouen\/\" class=\"more-link\">Continuer la lecture de <span class=\"screen-reader-text\">Les journ\u00e9es europ\u00e9ennes des m\u00e9tiers d\u2019arts et la saint jean porte latine f\u00eate des imprimeurs \u00e0 Expotec 103.<\/span><\/a><\/p>\n","protected":false},"author":2,"featured_media":0,"comment_status":"closed","ping_status":"closed","sticky":false,"template":"","format":"standard","meta":{"footnotes":""},"categories":[1],"tags":[],"_links":{"self":[{"href":"https:\/\/expotec103.fr\/index.php\/wp-json\/wp\/v2\/posts\/1896"}],"collection":[{"href":"https:\/\/expotec103.fr\/index.php\/wp-json\/wp\/v2\/posts"}],"about":[{"href":"https:\/\/expotec103.fr\/index.php\/wp-json\/wp\/v2\/types\/post"}],"author":[{"embeddable":true,"href":"https:\/\/expotec103.fr\/index.php\/wp-json\/wp\/v2\/users\/2"}],"replies":[{"embeddable":true,"href":"https:\/\/expotec103.fr\/index.php\/wp-json\/wp\/v2\/comments?post=1896"}],"version-history":[{"count":5,"href":"https:\/\/expotec103.fr\/index.php\/wp-json\/wp\/v2\/posts\/1896\/revisions"}],"predecessor-version":[{"id":1910,"href":"https:\/\/expotec103.fr\/index.php\/wp-json\/wp\/v2\/posts\/1896\/revisions\/1910"}],"wp:attachment":[{"href":"https:\/\/expotec103.fr\/index.php\/wp-json\/wp\/v2\/media?parent=1896"}],"wp:term":[{"taxonomy":"category","embeddable":true,"href":"https:\/\/expotec103.fr\/index.php\/wp-json\/wp\/v2\/categories?post=1896"},{"taxonomy":"post_tag","embeddable":true,"href":"https:\/\/expotec103.fr\/index.php\/wp-json\/wp\/v2\/tags?post=1896"}],"curies":[{"name":"wp","href":"https:\/\/api.w.org\/{rel}","templated":true}]}}