{"id":1971,"date":"2023-03-07T23:28:15","date_gmt":"2023-03-07T22:28:15","guid":{"rendered":"https:\/\/expotec103.fr\/?p=1971"},"modified":"2023-04-01T20:01:54","modified_gmt":"2023-04-01T19:01:54","slug":"le-premier-rendez-vous-de-lannee-au-musee-expotec-103","status":"publish","type":"post","link":"https:\/\/expotec103.fr\/index.php\/2023\/03\/07\/le-premier-rendez-vous-de-lannee-au-musee-expotec-103\/","title":{"rendered":"Le premier rendez-vous de l\u2019ann\u00e9e au mus\u00e9e Expotec 103:"},"content":{"rendered":"\n<p>Apr\u00e8s la fermeture hivernale, les b\u00e9n\u00e9voles du centre d\u2019histoire Sociale Expotec 103 et les artisans vous donnent rendez-vous les 1er et 2 Avril 2023 dans le cadre des Journ\u00e9es Europ\u00e9ennes des M\u00e9tiers d\u2019Art et de la Saint Jean Porte Latine f\u00eate des imprimeurs. Durant deux jours, d\u00e9monstrations, initiations et ventes auront lieu pour le plaisir des visiteurs. <br>Parmi les invit\u00e9s nous aurons:<\/p>\n\n\n\n<p>Noemie DOURVILLE d\u2019<em>ELDRID RELIURE <\/em> ( reliure et dorure)<\/p>\n\n\n\n<p>Marie NOTTRELET d\u2019<em>EPINGLE et MOI BY MARIE <\/em> (couture )<\/p>\n\n\n\n<p>Joris DEMAREST de <em>l\u2019\u00e2me de lame <\/em>(coutelier)<\/p>\n\n\n\n<p>\u00c9milie MARTIN D\u2019<em>Emi eloi <\/em> (bijouti\u00e8re)<\/p>\n\n\n\n<p>Gustave FERREC <em>Meilleur Apprenti de France. ( couverture )<\/em><\/p>\n\n\n\n<p>Marie-Pierre FOURNIER <em>Meilleur Ouvrier de France  (dorure et polychromie)<\/em><\/p>\n\n\n\n<p>Brice DELAYE <em>Forgeron<\/em><\/p>\n\n\n\n<p>St\u00e9phane ( a l\u2019encre et \u00e0 l\u2019eau. Impression taille douce )<\/p>\n\n\n\n<p>Bien entendu l\u2019imprimerie, les machines outils et \u00e0 vapeur seront en mouvement, mais \u00e9galement les miniatures, la roue \u00e0 aubes, et la presse \u00e0 dorer. <\/p>\n\n\n\n<p>Bref, un grand week-end en perspective se pr\u00e9pare. <\/p>\n\n\n\n<p>horaire: samedi et dimanche de 10h \u00e0 12h et de 14h \u00e0 18h. <br>Participation  4\u20ac\/personne. Gratuit moins de 12 ans et adh\u00e9rents. <\/p>\n\n\n\n<p>,<\/p>\n\n\n\n<figure class=\"wp-block-gallery has-nested-images columns-default is-cropped wp-block-gallery-1 is-layout-flex wp-block-gallery-is-layout-flex\">\n<figure class=\"wp-block-image size-large\"><a href=\"https:\/\/expotec103.fr\/wp-content\/uploads\/2023\/03\/FCE96B67-D85E-4BAE-BBEC-9E099860F211.jpeg\"><img loading=\"lazy\" decoding=\"async\" width=\"1080\" height=\"1080\" data-id=\"1972\" src=\"https:\/\/expotec103.fr\/wp-content\/uploads\/2023\/03\/FCE96B67-D85E-4BAE-BBEC-9E099860F211.jpeg\" alt=\"\" class=\"wp-image-1972\" \/><\/a><\/figure>\n<\/figure>\n","protected":false},"excerpt":{"rendered":"<p>Apr\u00e8s la fermeture hivernale, les b\u00e9n\u00e9voles du centre d\u2019histoire Sociale Expotec 103 et les artisans vous donnent rendez-vous les 1er et 2 Avril 2023 dans le cadre des Journ\u00e9es Europ\u00e9ennes des M\u00e9tiers d\u2019Art et de la Saint Jean Porte Latine f\u00eate des imprimeurs. Durant deux jours, d\u00e9monstrations, initiations et ventes auront lieu pour le plaisir &hellip; <a href=\"https:\/\/expotec103.fr\/index.php\/2023\/03\/07\/le-premier-rendez-vous-de-lannee-au-musee-expotec-103\/\" class=\"more-link\">Continuer la lecture de <span class=\"screen-reader-text\">Le premier rendez-vous de l\u2019ann\u00e9e au mus\u00e9e Expotec 103:<\/span><\/a><\/p>\n","protected":false},"author":2,"featured_media":0,"comment_status":"closed","ping_status":"closed","sticky":false,"template":"","format":"standard","meta":{"footnotes":""},"categories":[1],"tags":[],"_links":{"self":[{"href":"https:\/\/expotec103.fr\/index.php\/wp-json\/wp\/v2\/posts\/1971"}],"collection":[{"href":"https:\/\/expotec103.fr\/index.php\/wp-json\/wp\/v2\/posts"}],"about":[{"href":"https:\/\/expotec103.fr\/index.php\/wp-json\/wp\/v2\/types\/post"}],"author":[{"embeddable":true,"href":"https:\/\/expotec103.fr\/index.php\/wp-json\/wp\/v2\/users\/2"}],"replies":[{"embeddable":true,"href":"https:\/\/expotec103.fr\/index.php\/wp-json\/wp\/v2\/comments?post=1971"}],"version-history":[{"count":3,"href":"https:\/\/expotec103.fr\/index.php\/wp-json\/wp\/v2\/posts\/1971\/revisions"}],"predecessor-version":[{"id":1980,"href":"https:\/\/expotec103.fr\/index.php\/wp-json\/wp\/v2\/posts\/1971\/revisions\/1980"}],"wp:attachment":[{"href":"https:\/\/expotec103.fr\/index.php\/wp-json\/wp\/v2\/media?parent=1971"}],"wp:term":[{"taxonomy":"category","embeddable":true,"href":"https:\/\/expotec103.fr\/index.php\/wp-json\/wp\/v2\/categories?post=1971"},{"taxonomy":"post_tag","embeddable":true,"href":"https:\/\/expotec103.fr\/index.php\/wp-json\/wp\/v2\/tags?post=1971"}],"curies":[{"name":"wp","href":"https:\/\/api.w.org\/{rel}","templated":true}]}}