{"id":198,"date":"2010-02-09T19:45:35","date_gmt":"2010-02-09T18:45:35","guid":{"rendered":"http:\/\/www.expotec103.com\/?p=198"},"modified":"2010-02-09T19:45:35","modified_gmt":"2010-02-09T18:45:35","slug":"plan-dattaque-de-la-mini-centrale","status":"publish","type":"post","link":"https:\/\/expotec103.fr\/index.php\/2010\/02\/09\/plan-dattaque-de-la-mini-centrale\/","title":{"rendered":"Plan d\u2019attaque de la mini centrale"},"content":{"rendered":"<p>En exclusivit\u00e9 mondiale, parce que vous en mourriez d\u2019envie, voici le programme du projet de mini centrale hydro\u00e9lectrique !<\/p>\n<p>Le projet se d\u00e9compose comme suit :<\/p>\n<ol>\n<li>pr\u00e9paration de la poulie de 2 m\u00e8tres de diam\u00e8tre (tron\u00e7onnage + peinture),<\/li>\n<li>r\u00e9cup\u00e9ration d\u2019un alternateur (voire de plusieurs),<\/li>\n<li>al\u00e9sage d\u2019une poulie trap\u00e9zo\u00efdale de 40 centim\u00e8tres de diam\u00e8tre,<\/li>\n<li>reprise de l\u2019axe de l\u2019alternateur + petite poulie,<\/li>\n<li>soul\u00e8vement de l\u2019axe de la roue \u00e0 aubes pour passer les courroies (environ 25 millim\u00e8tres),<\/li>\n<li>d\u00e9placement de l\u2019armoire \u00e9lectrique,<\/li>\n<li>r\u00e9cup\u00e9ration de 2 profil\u00e9s \u00e0 fixer au sol,<\/li>\n<li>fabrication de 4 demi bagues pour fixer la poulie de 2 m\u00e8tres sur l\u2019axe de la roue \u00e0 aubes,<\/li>\n<li>montage de la poulie de 2 m\u00e8tres sur l\u2019axe de la roue \u00e0 aubes,<\/li>\n<li>fabrication du manchon d\u2019accouplement reliant les 2 bo\u00eetes m\u00e9caniques,<\/li>\n<li>fabrication de la poulie trap\u00e9zo\u00efdale de 20 centim\u00e8tres de diam\u00e8tre,<\/li>\n<li>montage des bo\u00eetes m\u00e9caniques sur les profil\u00e9s au sol et de l\u2019alternateur,<\/li>\n<li>essai de l\u2019alternateur et r\u00e9alisation d\u2019un r\u00e9gulateur de tension 220 volts.<\/li>\n<\/ol>\n<figure style=\"width: 240px\" class=\"wp-caption alignright\"><a title=\"Alternateur de zigazou76, sur Flickr\" href=\"http:\/\/www.flickr.com\/photos\/zigazou76\/4043562858\/\"><img loading=\"lazy\" decoding=\"async\" title=\"Alternateur de la Dujardin\" src=\"http:\/\/farm3.static.flickr.com\/2683\/4043562858_a881e4cc49_m.jpg\" alt=\"Alternateur\" width=\"240\" height=\"180\" \/><\/a><figcaption class=\"wp-caption-text\">Alternateur de la Dujardin<\/figcaption><\/figure>\n<p>Le premier point a d\u00e9j\u00e0 \u00e9t\u00e9 r\u00e9alis\u00e9. La poulie de 2 m\u00e8tres de diam\u00e8tre est en fait celle qui servait \u00e0 la machine \u00e0 vapeur Dujardin.<\/p>\n<p>Son r\u00f4le \u00e9tait d\u00e9j\u00e0 d\u2019entra\u00eener l\u2019alternateur accompagnant la Dujardin.<\/p>\n<p>La poulie \u00e9tant trop large, elle n\u00e9cessite d\u2019\u00eatre tron\u00e7onn\u00e9e.<\/p>\n<p>Et peinte ! Cette op\u00e9ration est plus ais\u00e9e quand la poulie n\u2019est pas encore fix\u00e9e sur son axe.<\/p>\n<p>On peut voir dans le coin en bas \u00e0 droite de la photo de l\u2019alternateur la courroie trap\u00e9zo\u00efdale.<\/p>\n<p>L\u2019op\u00e9ration a donn\u00e9 le r\u00e9sultat suivant :<\/p>\n<figure style=\"width: 500px\" class=\"wp-caption aligncenter\"><a title=\"Roue de zigazou76, sur Flickr\" href=\"http:\/\/www.flickr.com\/photos\/zigazou76\/4341685460\/\"><img loading=\"lazy\" decoding=\"async\" title=\"Poulie tron\u00e7onn\u00e9e et peinte\" src=\"http:\/\/farm3.static.flickr.com\/2704\/4341685460_bc10ec3b3c.jpg\" alt=\"Roue\" width=\"500\" height=\"336\" \/><\/a><figcaption class=\"wp-caption-text\">Poulie tron\u00e7onn\u00e9e et peinte<\/figcaption><\/figure>\n<p>Le rouge n\u2019est pas une couleur habituelle pour ce type d\u2019\u00e9quipement mais c\u2019est tellement plus sympa \u00e0 pr\u00e9senter\u2026<\/p>\n<p>L\u2019axe de la roue \u00e0 aubes \u00e9tait d\u00e9j\u00e0 \u00e9quip\u00e9 d\u2019une petite poulie. Michel a du la d\u00e9monter afin que l\u2019axe puisse accueillir la grande poulie.<\/p>\n<figure style=\"width: 500px\" class=\"wp-caption aligncenter\"><a title=\"Michel de zigazou76, sur Flickr\" href=\"http:\/\/www.flickr.com\/photos\/zigazou76\/4341832418\/\"><img loading=\"lazy\" decoding=\"async\" title=\"Michel d\u00e9montant l\u2019ancienne poulie\" src=\"http:\/\/farm5.static.flickr.com\/4046\/4341832418_7c4d121086.jpg\" alt=\"Michel\" width=\"500\" height=\"336\" \/><\/a><figcaption class=\"wp-caption-text\">Michel d\u00e9montant l\u2019ancienne poulie<\/figcaption><\/figure>\n<p>La grande poulie \u00e9tant en 2 morceaux, il faut pr\u00e9parer de quoi la fixer. Yvon et Michel ont travaill\u00e9 sur deux grandes vis. R\u00e9cup\u00e9ration oblige, les vis doivent \u00eatre travaill\u00e9e.<\/p>\n<figure style=\"width: 500px\" class=\"wp-caption aligncenter\"><a title=\"Yvon et Michel de zigazou76, sur Flickr\" href=\"http:\/\/www.flickr.com\/photos\/zigazou76\/4336399141\/\"><img loading=\"lazy\" decoding=\"async\" title=\"Yvon et Michel meulent des grandes vis\" src=\"http:\/\/farm3.static.flickr.com\/2645\/4336399141_49a6be91f6.jpg\" alt=\"Yvon et Michel\" width=\"500\" height=\"336\" \/><\/a><figcaption class=\"wp-caption-text\">Yvon et Michel meulent des grandes vis<\/figcaption><\/figure>\n<p>Petit souci : apr\u00e8s un premier test, il s\u2019av\u00e8re que les \u00e9crous papillon butent avant d\u2019arriver au bout. Il faut donc prendre des mesure pour fabriquer des entretoises.<\/p>\n<figure style=\"width: 500px\" class=\"wp-caption aligncenter\"><a title=\"Mesure du diam\u00e8tre de zigazou76, sur Flickr\" href=\"http:\/\/www.flickr.com\/photos\/zigazou76\/4337118208\/\"><img loading=\"lazy\" decoding=\"async\" title=\"Les \u00e9crous papillon ne vont pas jusqu\u2019au bout, il faut fabriquer des entretoises\" src=\"http:\/\/farm5.static.flickr.com\/4042\/4337118208_485da5914a.jpg\" alt=\"Mesure du diam\u00e8tre\" width=\"500\" height=\"334\" \/><\/a><figcaption class=\"wp-caption-text\">Les \u00e9crous papillon ne vont pas jusqu\u2019au bout, il faut fabriquer des entretoises<\/figcaption><\/figure>\n<p>La r\u00e9alisation des entretoises se fait tr\u00e8s simplement : il faut d\u00e9couper des morceaux dans un tuyau dont le diam\u00e8tre int\u00e9rieur est tout juste sup\u00e9rieur au diam\u00e8tre des grandes vis.<\/p>\n<p>Et pour le d\u00e9coupage, le CHS dispose de la scie alternative, rustique mais efficace.<\/p>\n<figure style=\"width: 500px\" class=\"wp-caption aligncenter\"><a title=\"Michel de zigazou76, sur Flickr\" href=\"http:\/\/www.flickr.com\/photos\/zigazou76\/4336385471\/\"><img loading=\"lazy\" decoding=\"async\" title=\"Michel r\u00e9alise une entretoise sur la scie alternative\" src=\"http:\/\/farm5.static.flickr.com\/4051\/4336385471_75ceb5e241.jpg\" alt=\"Michel\" width=\"500\" height=\"336\" \/><\/a><figcaption class=\"wp-caption-text\">Michel r\u00e9alise une entretoise sur la scie alternative<\/figcaption><\/figure>\n<p>Voici une galerie de photos :<\/p>\n<p style=\"text-align: center;\"><object classid=\"clsid:d27cdb6e-ae6d-11cf-96b8-444553540000\" width=\"500\" height=\"375\" codebase=\"http:\/\/download.macromedia.com\/pub\/shockwave\/cabs\/flash\/swflash.cab#version=6,0,40,0\"><param name=\"flashvars\" value=\"offsite=true&amp;lang=fr-fr&amp;page_show_url=%2Fphotos%2Fzigazou76%2Fsets%2F72157623265975407%2Fshow%2F&amp;page_show_back_url=%2Fphotos%2Fzigazou76%2Fsets%2F72157623265975407%2F&amp;set_id=72157623265975407&amp;jump_to=\" \/><param name=\"allowFullScreen\" value=\"true\" \/><param name=\"src\" value=\"http:\/\/www.flickr.com\/apps\/slideshow\/show.swf?v=71649\" \/><param name=\"allowfullscreen\" value=\"true\" \/><embed type=\"application\/x-shockwave-flash\" width=\"500\" height=\"375\" src=\"http:\/\/www.flickr.com\/apps\/slideshow\/show.swf?v=71649\" allowfullscreen=\"true\" flashvars=\"offsite=true&amp;lang=fr-fr&amp;page_show_url=%2Fphotos%2Fzigazou76%2Fsets%2F72157623265975407%2Fshow%2F&amp;page_show_back_url=%2Fphotos%2Fzigazou76%2Fsets%2F72157623265975407%2F&amp;set_id=72157623265975407&amp;jump_to=\"><\/embed><\/object><\/p>\n","protected":false},"excerpt":{"rendered":"<p>En exclusivit\u00e9 mondiale, parce que vous en mourriez d\u2019envie, voici le programme du projet de mini centrale hydro\u00e9lectrique ! Le projet se d\u00e9compose comme suit : pr\u00e9paration de la poulie de 2 m\u00e8tres de diam\u00e8tre (tron\u00e7onnage + peinture), r\u00e9cup\u00e9ration d\u2019un alternateur (voire de plusieurs), al\u00e9sage d\u2019une poulie trap\u00e9zo\u00efdale de 40 centim\u00e8tres de diam\u00e8tre, reprise de &hellip; <a href=\"https:\/\/expotec103.fr\/index.php\/2010\/02\/09\/plan-dattaque-de-la-mini-centrale\/\" class=\"more-link\">Continuer la lecture de <span class=\"screen-reader-text\">Plan d\u2019attaque de la mini centrale<\/span><\/a><\/p>\n","protected":false},"author":1,"featured_media":0,"comment_status":"open","ping_status":"open","sticky":false,"template":"","format":"standard","meta":{"footnotes":""},"categories":[20],"tags":[41,56,249,251,258,284],"_links":{"self":[{"href":"https:\/\/expotec103.fr\/index.php\/wp-json\/wp\/v2\/posts\/198"}],"collection":[{"href":"https:\/\/expotec103.fr\/index.php\/wp-json\/wp\/v2\/posts"}],"about":[{"href":"https:\/\/expotec103.fr\/index.php\/wp-json\/wp\/v2\/types\/post"}],"author":[{"embeddable":true,"href":"https:\/\/expotec103.fr\/index.php\/wp-json\/wp\/v2\/users\/1"}],"replies":[{"embeddable":true,"href":"https:\/\/expotec103.fr\/index.php\/wp-json\/wp\/v2\/comments?post=198"}],"version-history":[{"count":0,"href":"https:\/\/expotec103.fr\/index.php\/wp-json\/wp\/v2\/posts\/198\/revisions"}],"wp:attachment":[{"href":"https:\/\/expotec103.fr\/index.php\/wp-json\/wp\/v2\/media?parent=198"}],"wp:term":[{"taxonomy":"category","embeddable":true,"href":"https:\/\/expotec103.fr\/index.php\/wp-json\/wp\/v2\/categories?post=198"},{"taxonomy":"post_tag","embeddable":true,"href":"https:\/\/expotec103.fr\/index.php\/wp-json\/wp\/v2\/tags?post=198"}],"curies":[{"name":"wp","href":"https:\/\/api.w.org\/{rel}","templated":true}]}}