{"id":1993,"date":"2023-04-07T21:06:09","date_gmt":"2023-04-07T20:06:09","guid":{"rendered":"https:\/\/expotec103.fr\/?p=1993"},"modified":"2023-04-07T22:01:31","modified_gmt":"2023-04-07T21:01:31","slug":"un-beau-week-end-a-expotec-103-a-loccasion-des-jema-et-de-la-saint-jean-porte-latine-fetes-des-imprimeurs","status":"publish","type":"post","link":"https:\/\/expotec103.fr\/index.php\/2023\/04\/07\/un-beau-week-end-a-expotec-103-a-loccasion-des-jema-et-de-la-saint-jean-porte-latine-fetes-des-imprimeurs\/","title":{"rendered":"Le prochain rendez-vous au mus\u00e9e industriel vivant EXPOTEC 103"},"content":{"rendered":"\n<p>Le 29 avril, nous accueillons l\u2019assembl\u00e9e g\u00e9n\u00e9rale nationale de l\u2019association Vendeuvre. Les adh\u00e9rents pourront d\u00e9couvrir le mus\u00e9e. Les b\u00e9n\u00e9voles de l\u2019association Vendeuvre et du centre d\u2019histoire Sociale Expotec 103 vont pouvoir leurs passions communes de la belle m\u00e9canique. <br>le dimanche 30 avril le public pourra d\u00e9couvrir une belle collection de tracteurs et de moteurs fixe et l\u2019ensemble du mus\u00e9e en mouvement. <br>dimanche 30 Avril de 10h \u00e0 12h et de 14h \u00e0 18h. <br>Participation 4\u20ac:personne. Gratuit adh\u00e9rents du CHS, du club de tracteur Vendeuvre et &#8211; de. 12ans. <br><\/p>\n\n\n\n<figure class=\"wp-block-image size-full\"><a href=\"https:\/\/expotec103.fr\/wp-content\/uploads\/2023\/04\/FCF763FA-1120-413B-8206-949D815AF062.jpeg\"><img loading=\"lazy\" decoding=\"async\" width=\"580\" height=\"449\" src=\"https:\/\/expotec103.fr\/wp-content\/uploads\/2023\/04\/FCF763FA-1120-413B-8206-949D815AF062.jpeg\" alt=\"\" class=\"wp-image-1984\" \/><\/a><\/figure>\n\n\n\n<figure class=\"wp-block-image size-full\"><a href=\"https:\/\/expotec103.fr\/wp-content\/uploads\/2023\/04\/48AF6EFD-6E76-4024-B81E-B7DFD54AADC2.jpeg\"><img loading=\"lazy\" decoding=\"async\" width=\"2048\" height=\"1152\" src=\"https:\/\/expotec103.fr\/wp-content\/uploads\/2023\/04\/48AF6EFD-6E76-4024-B81E-B7DFD54AADC2.jpeg\" alt=\"\" class=\"wp-image-1985\" \/><\/a><\/figure>\n\n\n\n<figure class=\"wp-block-image size-full\"><a href=\"https:\/\/expotec103.fr\/wp-content\/uploads\/2013\/11\/marine-citeos-eclairage.jpg\"><img loading=\"lazy\" decoding=\"async\" width=\"500\" height=\"333\" src=\"https:\/\/expotec103.fr\/wp-content\/uploads\/2013\/11\/marine-citeos-eclairage.jpg\" alt=\"Marine - \u00c9clairage Cit\u00e9os\" class=\"wp-image-974\" \/><\/a><figcaption class=\"wp-element-caption\">Marine &#8211; \u00c9clairage Cit\u00e9os<\/figcaption><\/figure>\n","protected":false},"excerpt":{"rendered":"<p>Le 29 avril, nous accueillons l\u2019assembl\u00e9e g\u00e9n\u00e9rale nationale de l\u2019association Vendeuvre. Les adh\u00e9rents pourront d\u00e9couvrir le mus\u00e9e. Les b\u00e9n\u00e9voles de l\u2019association Vendeuvre et du centre d\u2019histoire Sociale Expotec 103 vont pouvoir leurs passions communes de la belle m\u00e9canique. le dimanche 30 avril le public pourra d\u00e9couvrir une belle collection de tracteurs et de moteurs fixe &hellip; <a href=\"https:\/\/expotec103.fr\/index.php\/2023\/04\/07\/un-beau-week-end-a-expotec-103-a-loccasion-des-jema-et-de-la-saint-jean-porte-latine-fetes-des-imprimeurs\/\" class=\"more-link\">Continuer la lecture de <span class=\"screen-reader-text\">Le prochain rendez-vous au mus\u00e9e industriel vivant EXPOTEC 103<\/span><\/a><\/p>\n","protected":false},"author":2,"featured_media":0,"comment_status":"closed","ping_status":"closed","sticky":false,"template":"","format":"standard","meta":{"footnotes":""},"categories":[1],"tags":[],"_links":{"self":[{"href":"https:\/\/expotec103.fr\/index.php\/wp-json\/wp\/v2\/posts\/1993"}],"collection":[{"href":"https:\/\/expotec103.fr\/index.php\/wp-json\/wp\/v2\/posts"}],"about":[{"href":"https:\/\/expotec103.fr\/index.php\/wp-json\/wp\/v2\/types\/post"}],"author":[{"embeddable":true,"href":"https:\/\/expotec103.fr\/index.php\/wp-json\/wp\/v2\/users\/2"}],"replies":[{"embeddable":true,"href":"https:\/\/expotec103.fr\/index.php\/wp-json\/wp\/v2\/comments?post=1993"}],"version-history":[{"count":3,"href":"https:\/\/expotec103.fr\/index.php\/wp-json\/wp\/v2\/posts\/1993\/revisions"}],"predecessor-version":[{"id":2004,"href":"https:\/\/expotec103.fr\/index.php\/wp-json\/wp\/v2\/posts\/1993\/revisions\/2004"}],"wp:attachment":[{"href":"https:\/\/expotec103.fr\/index.php\/wp-json\/wp\/v2\/media?parent=1993"}],"wp:term":[{"taxonomy":"category","embeddable":true,"href":"https:\/\/expotec103.fr\/index.php\/wp-json\/wp\/v2\/categories?post=1993"},{"taxonomy":"post_tag","embeddable":true,"href":"https:\/\/expotec103.fr\/index.php\/wp-json\/wp\/v2\/tags?post=1993"}],"curies":[{"name":"wp","href":"https:\/\/api.w.org\/{rel}","templated":true}]}}