{"id":2010,"date":"2023-04-30T20:01:39","date_gmt":"2023-04-30T19:01:39","guid":{"rendered":"https:\/\/expotec103.fr\/?p=2010"},"modified":"2023-05-01T20:45:50","modified_gmt":"2023-05-01T19:45:50","slug":"un-tres-beau-week-end","status":"publish","type":"post","link":"https:\/\/expotec103.fr\/index.php\/2023\/04\/30\/un-tres-beau-week-end\/","title":{"rendered":"Un tr\u00e8s beau week-end."},"content":{"rendered":"\n<p>Ce samedi 29 avril, nous avons accueilli l\u2019amicale Vendeuvre \u00e0 l\u2019occasion de leur assembl\u00e9e g\u00e9n\u00e9rale. Deux monde de passionn\u00e9s ont pu se rencontrer et \u00e9changer. <br><\/p>\n\n\n\n<figure class=\"wp-block-image size-full\"><a href=\"https:\/\/expotec103.fr\/wp-content\/uploads\/2023\/04\/IMG_3972.jpeg\"><img loading=\"lazy\" decoding=\"async\" width=\"2048\" height=\"1536\" src=\"https:\/\/expotec103.fr\/wp-content\/uploads\/2023\/04\/IMG_3972.jpeg\" alt=\"\" class=\"wp-image-2008\" \/><\/a><\/figure>\n\n\n\n<p><\/p>\n\n\n\n<p>ce dimanche 30 avril nous \u00e9tions ouvert au public. <br><\/p>\n\n\n\n<figure class=\"wp-block-image size-full\"><a href=\"https:\/\/expotec103.fr\/wp-content\/uploads\/2023\/04\/48AF6EFD-6E76-4024-B81E-B7DFD54AADC2.jpeg\"><img loading=\"lazy\" decoding=\"async\" width=\"2048\" height=\"1152\" src=\"https:\/\/expotec103.fr\/wp-content\/uploads\/2023\/04\/48AF6EFD-6E76-4024-B81E-B7DFD54AADC2.jpeg\" alt=\"\" class=\"wp-image-1985\" \/><\/a><\/figure>\n\n\n\n<p>chaque visiteur a pu appr\u00e9cier la visite du mus\u00e9e et l\u00e0 d\u00e9couverte du monde agricole via les tracteurs Vendeuvre. <\/p>\n\n\n\n<p>La batteuse a re\u00e7u un vif succ\u00e8s notamment lors des d\u00e9monstrations. <\/p>\n\n\n\n<figure class=\"wp-block-image size-full\"><a href=\"https:\/\/expotec103.fr\/wp-content\/uploads\/2023\/04\/FCF763FA-1120-413B-8206-949D815AF062.jpeg\"><img loading=\"lazy\" decoding=\"async\" width=\"580\" height=\"449\" src=\"https:\/\/expotec103.fr\/wp-content\/uploads\/2023\/04\/FCF763FA-1120-413B-8206-949D815AF062.jpeg\" alt=\"\" class=\"wp-image-1984\" \/><\/a><\/figure>\n","protected":false},"excerpt":{"rendered":"<p>Ce samedi 29 avril, nous avons accueilli l\u2019amicale Vendeuvre \u00e0 l\u2019occasion de leur assembl\u00e9e g\u00e9n\u00e9rale. Deux monde de passionn\u00e9s ont pu se rencontrer et \u00e9changer. ce dimanche 30 avril nous \u00e9tions ouvert au public. chaque visiteur a pu appr\u00e9cier la visite du mus\u00e9e et l\u00e0 d\u00e9couverte du monde agricole via les tracteurs Vendeuvre. La batteuse &hellip; <a href=\"https:\/\/expotec103.fr\/index.php\/2023\/04\/30\/un-tres-beau-week-end\/\" class=\"more-link\">Continuer la lecture de <span class=\"screen-reader-text\">Un tr\u00e8s beau week-end.<\/span><\/a><\/p>\n","protected":false},"author":2,"featured_media":0,"comment_status":"closed","ping_status":"closed","sticky":false,"template":"","format":"standard","meta":{"footnotes":""},"categories":[1],"tags":[],"_links":{"self":[{"href":"https:\/\/expotec103.fr\/index.php\/wp-json\/wp\/v2\/posts\/2010"}],"collection":[{"href":"https:\/\/expotec103.fr\/index.php\/wp-json\/wp\/v2\/posts"}],"about":[{"href":"https:\/\/expotec103.fr\/index.php\/wp-json\/wp\/v2\/types\/post"}],"author":[{"embeddable":true,"href":"https:\/\/expotec103.fr\/index.php\/wp-json\/wp\/v2\/users\/2"}],"replies":[{"embeddable":true,"href":"https:\/\/expotec103.fr\/index.php\/wp-json\/wp\/v2\/comments?post=2010"}],"version-history":[{"count":2,"href":"https:\/\/expotec103.fr\/index.php\/wp-json\/wp\/v2\/posts\/2010\/revisions"}],"predecessor-version":[{"id":2015,"href":"https:\/\/expotec103.fr\/index.php\/wp-json\/wp\/v2\/posts\/2010\/revisions\/2015"}],"wp:attachment":[{"href":"https:\/\/expotec103.fr\/index.php\/wp-json\/wp\/v2\/media?parent=2010"}],"wp:term":[{"taxonomy":"category","embeddable":true,"href":"https:\/\/expotec103.fr\/index.php\/wp-json\/wp\/v2\/categories?post=2010"},{"taxonomy":"post_tag","embeddable":true,"href":"https:\/\/expotec103.fr\/index.php\/wp-json\/wp\/v2\/tags?post=2010"}],"curies":[{"name":"wp","href":"https:\/\/api.w.org\/{rel}","templated":true}]}}