{"id":2018,"date":"2023-05-06T16:31:06","date_gmt":"2023-05-06T15:31:06","guid":{"rendered":"https:\/\/expotec103.fr\/?p=2018"},"modified":"2023-05-06T16:33:41","modified_gmt":"2023-05-06T15:33:41","slug":"a-vos-agendas-3","status":"publish","type":"post","link":"https:\/\/expotec103.fr\/index.php\/2023\/05\/06\/a-vos-agendas-3\/","title":{"rendered":"A vos agendas !!"},"content":{"rendered":"\n<p>Les 13 &amp; 14 mai le centre d\u2019histoire Sociale Expotec 103, vous donne rendez-vous pour un nouveau week-end anim\u00e9:<\/p>\n\n\n\n<figure class=\"wp-block-image size-full\"><a href=\"https:\/\/expotec103.fr\/wp-content\/uploads\/2016\/05\/image.jpeg\"><img loading=\"lazy\" decoding=\"async\" width=\"1200\" height=\"1200\" src=\"https:\/\/expotec103.fr\/wp-content\/uploads\/2016\/05\/image.jpeg\" alt=\"\" class=\"wp-image-1070\" \/><\/a><\/figure>\n\n\n\n<p>Tout d\u2019abord au four banal avec Liliane, Am\u00e9lie, Dylan et Alain. Les premi\u00e8res fourn\u00e9es sortiront le samedi matin aux alentours d\u2019onze heure. <br><\/p>\n\n\n\n<figure class=\"wp-block-image size-large\"><a href=\"https:\/\/expotec103.fr\/wp-content\/uploads\/2017\/04\/image-6.jpeg\"><img loading=\"lazy\" decoding=\"async\" width=\"1024\" height=\"681\" src=\"https:\/\/expotec103.fr\/wp-content\/uploads\/2017\/04\/image-6-1024x681.jpeg\" alt=\"\" class=\"wp-image-1306\" srcset=\"https:\/\/expotec103.fr\/wp-content\/uploads\/2017\/04\/image-6-1024x681.jpeg 1024w, https:\/\/expotec103.fr\/wp-content\/uploads\/2017\/04\/image-6-300x199.jpeg 300w, https:\/\/expotec103.fr\/wp-content\/uploads\/2017\/04\/image-6-768x510.jpeg 768w, https:\/\/expotec103.fr\/wp-content\/uploads\/2017\/04\/image-6.jpeg 2048w\" sizes=\"(max-width: 1024px) 100vw, 1024px\" \/><\/a><\/figure>\n\n\n\n<p>Les b\u00e9n\u00e9voles du centre d\u2019histoire Sociale Expotec 103, vous donnent rendez-vous au mus\u00e9e \u00e0 la m\u00eame occasion. Le samedi de 14h \u00e0 17h30 et le dimanche de 10h \u00e0 12h et de 14h \u00e0 17h30 ( participation 4\u20ac\/personne, gratuit aux adh\u00e9rents). <\/p>\n\n\n\n<p>Ouverture au public gratuite le soir de 20h30 \u00e0 23h dans le cadre de \u00ab&nbsp;pierres En lumi\u00e8re&nbsp;\u00bb. Manifestation initi\u00e9 par le D\u00e9partement de Seine maritime et la fondation du patrimoine. <\/p>\n\n\n\n<figure class=\"wp-block-image size-full\"><a href=\"https:\/\/expotec103.fr\/wp-content\/uploads\/2023\/05\/IMG_4011.jpeg\"><img loading=\"lazy\" decoding=\"async\" width=\"2732\" height=\"2048\" src=\"https:\/\/expotec103.fr\/wp-content\/uploads\/2023\/05\/IMG_4011.jpeg\" alt=\"\" class=\"wp-image-2017\" \/><\/a><\/figure>\n","protected":false},"excerpt":{"rendered":"<p>Les 13 &amp; 14 mai le centre d\u2019histoire Sociale Expotec 103, vous donne rendez-vous pour un nouveau week-end anim\u00e9: Tout d\u2019abord au four banal avec Liliane, Am\u00e9lie, Dylan et Alain. Les premi\u00e8res fourn\u00e9es sortiront le samedi matin aux alentours d\u2019onze heure. Les b\u00e9n\u00e9voles du centre d\u2019histoire Sociale Expotec 103, vous donnent rendez-vous au mus\u00e9e \u00e0 &hellip; <a href=\"https:\/\/expotec103.fr\/index.php\/2023\/05\/06\/a-vos-agendas-3\/\" class=\"more-link\">Continuer la lecture de <span class=\"screen-reader-text\">A vos agendas !!<\/span><\/a><\/p>\n","protected":false},"author":2,"featured_media":0,"comment_status":"closed","ping_status":"closed","sticky":false,"template":"","format":"standard","meta":{"footnotes":""},"categories":[1],"tags":[],"_links":{"self":[{"href":"https:\/\/expotec103.fr\/index.php\/wp-json\/wp\/v2\/posts\/2018"}],"collection":[{"href":"https:\/\/expotec103.fr\/index.php\/wp-json\/wp\/v2\/posts"}],"about":[{"href":"https:\/\/expotec103.fr\/index.php\/wp-json\/wp\/v2\/types\/post"}],"author":[{"embeddable":true,"href":"https:\/\/expotec103.fr\/index.php\/wp-json\/wp\/v2\/users\/2"}],"replies":[{"embeddable":true,"href":"https:\/\/expotec103.fr\/index.php\/wp-json\/wp\/v2\/comments?post=2018"}],"version-history":[{"count":2,"href":"https:\/\/expotec103.fr\/index.php\/wp-json\/wp\/v2\/posts\/2018\/revisions"}],"predecessor-version":[{"id":2020,"href":"https:\/\/expotec103.fr\/index.php\/wp-json\/wp\/v2\/posts\/2018\/revisions\/2020"}],"wp:attachment":[{"href":"https:\/\/expotec103.fr\/index.php\/wp-json\/wp\/v2\/media?parent=2018"}],"wp:term":[{"taxonomy":"category","embeddable":true,"href":"https:\/\/expotec103.fr\/index.php\/wp-json\/wp\/v2\/categories?post=2018"},{"taxonomy":"post_tag","embeddable":true,"href":"https:\/\/expotec103.fr\/index.php\/wp-json\/wp\/v2\/tags?post=2018"}],"curies":[{"name":"wp","href":"https:\/\/api.w.org\/{rel}","templated":true}]}}