{"id":2036,"date":"2023-09-13T20:59:30","date_gmt":"2023-09-13T19:59:30","guid":{"rendered":"https:\/\/expotec103.fr\/?p=2036"},"modified":"2023-09-13T20:59:30","modified_gmt":"2023-09-13T19:59:30","slug":"les-journees-europeennes-du-patrimoine","status":"publish","type":"post","link":"https:\/\/expotec103.fr\/index.php\/2023\/09\/13\/les-journees-europeennes-du-patrimoine\/","title":{"rendered":"Les journ\u00e9es europ\u00e9ennes du patrimoine."},"content":{"rendered":"\n<p>Les 15, 16 et 17 septembre se d\u00e9rouleront les journ\u00e9es europ\u00e9ennes du patrimoine. Le centre d\u2019histoire sociale Expotec 103 vous propose un programme riche et vari\u00e9. <\/p>\n\n\n\n<p>Premier rendez-vous vendredi 15 septembre <\/p>\n\n\n\n<figure class=\"wp-block-image size-full\"><a href=\"https:\/\/expotec103.fr\/wp-content\/uploads\/2023\/09\/IMG_4346.jpeg\"><img loading=\"lazy\" decoding=\"async\" width=\"1454\" height=\"2048\" src=\"https:\/\/expotec103.fr\/wp-content\/uploads\/2023\/09\/IMG_4346.jpeg\" alt=\"\" class=\"wp-image-2031\" \/><\/a><\/figure>\n\n\n\n<p>Samedi 16 septembre le mus\u00e9e sera ouvert de 14h \u00e0 18h. Dimanche 17 septembre les horaires sont de 10h \u00e0 12h et de 14h \u00e0 18h. <\/p>\n\n\n\n<p>l\u2019ensemble du mus\u00e9e sera en mouvement, les nouveaut\u00e9s seront pr\u00e9sent\u00e9es ainsi que l\u2019exposition temporaire \u00ab\u00a0 sur un air d\u2019Armada\u00a0\u00bb avec l\u2019aimable participation de:<\/p>\n\n\n\n<p>R\u00e9my FLEURY passionn\u00e9 de maquette et ses 30 bateaux, Veronique MOLERO  pr\u00e9sentera sa vision de l\u2019Armada gr\u00e2ce \u00e0 ses photos couleur. Pour les amoureux de technique, les deux mod\u00e8les de propulseurs des bacs de Seine seront pr\u00e9sent\u00e9s avec l\u2019aimable participation des ateliers des bacs.<\/p>\n\n\n\n<figure class=\"wp-block-image size-full\"><a href=\"https:\/\/expotec103.fr\/wp-content\/uploads\/2023\/09\/IMG_4355.jpeg\"><img loading=\"lazy\" decoding=\"async\" width=\"828\" height=\"1080\" src=\"https:\/\/expotec103.fr\/wp-content\/uploads\/2023\/09\/IMG_4355.jpeg\" alt=\"\" class=\"wp-image-2028\" \/><\/a><\/figure>\n\n\n\n<figure class=\"wp-block-image size-full\"><a href=\"https:\/\/expotec103.fr\/wp-content\/uploads\/2023\/09\/IMG_4373.jpeg\"><img loading=\"lazy\" decoding=\"async\" width=\"2048\" height=\"1372\" src=\"https:\/\/expotec103.fr\/wp-content\/uploads\/2023\/09\/IMG_4373.jpeg\" alt=\"\" class=\"wp-image-2033\" \/><\/a><\/figure>\n\n\n\n\n\n<p>Alain et Liliane vous donnent rendez-vous au four banal ce week-end \u00e9galement pour les fameuses boules de pain et brioches..<\/p>\n\n\n\n<p>Samedi 16 septembre Ala\u00een vous emm\u00e8nera sur la route des moulins et vous commentera l\u2019histoire de cette vall\u00e9e industriel. Rendez-vous \u00e0 14h place saint hilaire. <\/p>\n\n\n\n<p> Votre visite en famille ou avec des amis sera une belle r\u00e9compense pour l\u2019ensemble des b\u00e9n\u00e9voles qui se mobilisent chaque semaine pour restaurer le patrimoine ou bien entretenir le mus\u00e9e. <\/p>\n\n\n\n<p>Un grand merci \u00e0 chacun d\u2019entre eux. <\/p>\n","protected":false},"excerpt":{"rendered":"<p>Les 15, 16 et 17 septembre se d\u00e9rouleront les journ\u00e9es europ\u00e9ennes du patrimoine. Le centre d\u2019histoire sociale Expotec 103 vous propose un programme riche et vari\u00e9. Premier rendez-vous vendredi 15 septembre Samedi 16 septembre le mus\u00e9e sera ouvert de 14h \u00e0 18h. Dimanche 17 septembre les horaires sont de 10h \u00e0 12h et de 14h &hellip; <a href=\"https:\/\/expotec103.fr\/index.php\/2023\/09\/13\/les-journees-europeennes-du-patrimoine\/\" class=\"more-link\">Continuer la lecture de <span class=\"screen-reader-text\">Les journ\u00e9es europ\u00e9ennes du patrimoine.<\/span><\/a><\/p>\n","protected":false},"author":2,"featured_media":0,"comment_status":"closed","ping_status":"closed","sticky":false,"template":"","format":"standard","meta":{"footnotes":""},"categories":[1],"tags":[],"_links":{"self":[{"href":"https:\/\/expotec103.fr\/index.php\/wp-json\/wp\/v2\/posts\/2036"}],"collection":[{"href":"https:\/\/expotec103.fr\/index.php\/wp-json\/wp\/v2\/posts"}],"about":[{"href":"https:\/\/expotec103.fr\/index.php\/wp-json\/wp\/v2\/types\/post"}],"author":[{"embeddable":true,"href":"https:\/\/expotec103.fr\/index.php\/wp-json\/wp\/v2\/users\/2"}],"replies":[{"embeddable":true,"href":"https:\/\/expotec103.fr\/index.php\/wp-json\/wp\/v2\/comments?post=2036"}],"version-history":[{"count":1,"href":"https:\/\/expotec103.fr\/index.php\/wp-json\/wp\/v2\/posts\/2036\/revisions"}],"predecessor-version":[{"id":2037,"href":"https:\/\/expotec103.fr\/index.php\/wp-json\/wp\/v2\/posts\/2036\/revisions\/2037"}],"wp:attachment":[{"href":"https:\/\/expotec103.fr\/index.php\/wp-json\/wp\/v2\/media?parent=2036"}],"wp:term":[{"taxonomy":"category","embeddable":true,"href":"https:\/\/expotec103.fr\/index.php\/wp-json\/wp\/v2\/categories?post=2036"},{"taxonomy":"post_tag","embeddable":true,"href":"https:\/\/expotec103.fr\/index.php\/wp-json\/wp\/v2\/tags?post=2036"}],"curies":[{"name":"wp","href":"https:\/\/api.w.org\/{rel}","templated":true}]}}