{"id":2039,"date":"2023-09-29T23:03:31","date_gmt":"2023-09-29T22:03:31","guid":{"rendered":"https:\/\/expotec103.fr\/?p=2039"},"modified":"2023-09-29T23:54:48","modified_gmt":"2023-09-29T22:54:48","slug":"retour-sur-les-journees-europeennes-du-patrimoine","status":"publish","type":"post","link":"https:\/\/expotec103.fr\/index.php\/2023\/09\/29\/retour-sur-les-journees-europeennes-du-patrimoine\/","title":{"rendered":"30 ans de Saint Eloi au mus\u00e9e EXPOTEC 103 et la deuxi\u00e8me \u00e9dition du Salon Normand de l\u2019Artisanat Coutelier."},"content":{"rendered":"\n<p>Les 25 et 26 novembre 2023, le centre d\u2019histoire Sociale vous donne rendez-vous pour la trenti\u00e8me Saint Eloi au sein du mus\u00e9e. A cette occasion nous vous proposons \u00e9galement la seconde \u00e9dition du \u00ab&nbsp;Salon Normand de l\u2019Artisanat Coutelier&nbsp;\u00bb avec la pr\u00e9sence de 46 couteliers. <br>Le programme en quelques mots:<\/p>\n\n\n\n<p><\/p>\n\n\n\n<ul>\n<li>Exposition vente de couteaux<\/li>\n\n\n\n<li>D\u00e9monstrations de forge ( Damas, r\u00e9alisation d\u2019\u0153uvres et d\u2019une poutre Eiffel \u00e0 chaud)<\/li>\n\n\n\n<li>Usinage au tour, \u00e9taux limeur, radial, fraiseuse, ect\u2026<\/li>\n\n\n\n<li>Ouverture de l\u2019atelier d\u2019imprimerie et de reliure <\/li>\n\n\n\n<li>Mise en mouvement de la salle de miniatures et de la puissante machine \u00e0 vapeur Dujardin. <\/li>\n\n\n\n<li>Exposition de sculptures de metal<\/li>\n\n\n\n<li>Mise en lumi\u00e8re de la roue et de la fa\u00e7ade du moulin par notre partenaire CITEOS <\/li>\n\n\n\n<li>Ouverture non stop et possibilit\u00e9 de restauration sur place<\/li>\n\n\n\n<li>Concours de tirage au sort pour gagner 3 couteaux \u00e0 chaque ticket d\u2019entr\u00e9e payante. <\/li>\n\n\n\n<li>Fourn\u00e9es  de pains et brioches au four banal <\/li>\n\n\n\n<li><\/li>\n<\/ul>\n\n\n\n<figure class=\"wp-block-image size-full\"><a href=\"https:\/\/expotec103.fr\/wp-content\/uploads\/2023\/09\/IMG_4374.jpeg\"><img loading=\"lazy\" decoding=\"async\" width=\"1080\" height=\"1489\" src=\"https:\/\/expotec103.fr\/wp-content\/uploads\/2023\/09\/IMG_4374.jpeg\" alt=\"\" class=\"wp-image-2035\" \/><\/a><\/figure>\n","protected":false},"excerpt":{"rendered":"<p>Les 25 et 26 novembre 2023, le centre d\u2019histoire Sociale vous donne rendez-vous pour la trenti\u00e8me Saint Eloi au sein du mus\u00e9e. A cette occasion nous vous proposons \u00e9galement la seconde \u00e9dition du \u00ab&nbsp;Salon Normand de l\u2019Artisanat Coutelier&nbsp;\u00bb avec la pr\u00e9sence de 46 couteliers. Le programme en quelques mots:<\/p>\n","protected":false},"author":2,"featured_media":0,"comment_status":"closed","ping_status":"closed","sticky":false,"template":"","format":"standard","meta":{"footnotes":""},"categories":[1],"tags":[],"_links":{"self":[{"href":"https:\/\/expotec103.fr\/index.php\/wp-json\/wp\/v2\/posts\/2039"}],"collection":[{"href":"https:\/\/expotec103.fr\/index.php\/wp-json\/wp\/v2\/posts"}],"about":[{"href":"https:\/\/expotec103.fr\/index.php\/wp-json\/wp\/v2\/types\/post"}],"author":[{"embeddable":true,"href":"https:\/\/expotec103.fr\/index.php\/wp-json\/wp\/v2\/users\/2"}],"replies":[{"embeddable":true,"href":"https:\/\/expotec103.fr\/index.php\/wp-json\/wp\/v2\/comments?post=2039"}],"version-history":[{"count":4,"href":"https:\/\/expotec103.fr\/index.php\/wp-json\/wp\/v2\/posts\/2039\/revisions"}],"predecessor-version":[{"id":2044,"href":"https:\/\/expotec103.fr\/index.php\/wp-json\/wp\/v2\/posts\/2039\/revisions\/2044"}],"wp:attachment":[{"href":"https:\/\/expotec103.fr\/index.php\/wp-json\/wp\/v2\/media?parent=2039"}],"wp:term":[{"taxonomy":"category","embeddable":true,"href":"https:\/\/expotec103.fr\/index.php\/wp-json\/wp\/v2\/categories?post=2039"},{"taxonomy":"post_tag","embeddable":true,"href":"https:\/\/expotec103.fr\/index.php\/wp-json\/wp\/v2\/tags?post=2039"}],"curies":[{"name":"wp","href":"https:\/\/api.w.org\/{rel}","templated":true}]}}