{"id":2104,"date":"2024-09-20T00:15:26","date_gmt":"2024-09-19T23:15:26","guid":{"rendered":"https:\/\/expotec103.fr\/?p=2104"},"modified":"2024-09-20T00:15:26","modified_gmt":"2024-09-19T23:15:26","slug":"le-centre-dhistoire-sociale-vous-donne-rendez-vous-a-loccasion-des-journees-europeennes-du-patrimoine-les-20-21-et-22-septembre-2024","status":"publish","type":"post","link":"https:\/\/expotec103.fr\/index.php\/2024\/09\/20\/le-centre-dhistoire-sociale-vous-donne-rendez-vous-a-loccasion-des-journees-europeennes-du-patrimoine-les-20-21-et-22-septembre-2024\/","title":{"rendered":"le centre d\u2019histoire sociale vous donne rendez-vous \u00e0 l\u2019occasion des journ\u00e9es europ\u00e9ennes du patrimoine les 20, 21 et 22 septembre 2024."},"content":{"rendered":"\n<p>vendredi 20 septembre \u00e0 20h30: une nouvelle pr\u00e9sentation des Fresques Darn\u00e9talaises pour une immersion dans les contes de Maupassant. <\/p>\n\n\n\n<p>Samedi 21 septembre de 14h \u00e0 18h: ouverture du mus\u00e9e industriel vivant. Mise en mouvement de l\u2019ensemble du mus\u00e9e. De la machine \u00e0 vapeur, \u00e0 la forge, en passant par l\u2019imprimerie et les machines \u00e0 vapeur, l\u2019ensemble des collections serons anim\u00e9s par les b\u00e9n\u00e9voles. D\u00e9monstrations et initiations seront de mise. <br>nous compterons parmi nous Phillipe GALMICHE historien \u00e9diteur, St\u00e9phane de l\u2019encre \u00e0 l\u2019eau pour des impressions \u00e0 taille douce, R\u00e9my FLEURY pr\u00e9sentera une magnifique collection de bateaux et navires r\u00e9alis\u00e9s par ses soins. <\/p>\n\n\n\n<p>Nous aurons \u00e9galement l\u2019honneur d\u2019accueillir Pierre LAMBERT champion du monde et de France en course motonautique avec toit son \u00e9quipement de course. <\/p>\n\n\n\n<p>Pour ceux qui veulent retrouver le bon pain et les brioches bien chaudes, Alain, Liliane et toute l\u2019\u00e9quipe du four banal sera pr\u00e9sente les samedis et dimanche <\/p>\n\n\n\n<p>Dimanche 22 septembre ouverture du mus\u00e9e de 10h \u00e0 12h et 14h \u00e0 18h. <\/p>\n\n\n\n<p>Entr\u00e9e gratuite. <\/p>\n","protected":false},"excerpt":{"rendered":"<p>vendredi 20 septembre \u00e0 20h30: une nouvelle pr\u00e9sentation des Fresques Darn\u00e9talaises pour une immersion dans les contes de Maupassant. Samedi 21 septembre de 14h \u00e0 18h: ouverture du mus\u00e9e industriel vivant. Mise en mouvement de l\u2019ensemble du mus\u00e9e. De la machine \u00e0 vapeur, \u00e0 la forge, en passant par l\u2019imprimerie et les machines \u00e0 vapeur, &hellip; <a href=\"https:\/\/expotec103.fr\/index.php\/2024\/09\/20\/le-centre-dhistoire-sociale-vous-donne-rendez-vous-a-loccasion-des-journees-europeennes-du-patrimoine-les-20-21-et-22-septembre-2024\/\" class=\"more-link\">Continuer la lecture de <span class=\"screen-reader-text\">le centre d\u2019histoire sociale vous donne rendez-vous \u00e0 l\u2019occasion des journ\u00e9es europ\u00e9ennes du patrimoine les 20, 21 et 22 septembre 2024.<\/span><\/a><\/p>\n","protected":false},"author":2,"featured_media":0,"comment_status":"closed","ping_status":"closed","sticky":false,"template":"","format":"standard","meta":{"footnotes":""},"categories":[1],"tags":[],"_links":{"self":[{"href":"https:\/\/expotec103.fr\/index.php\/wp-json\/wp\/v2\/posts\/2104"}],"collection":[{"href":"https:\/\/expotec103.fr\/index.php\/wp-json\/wp\/v2\/posts"}],"about":[{"href":"https:\/\/expotec103.fr\/index.php\/wp-json\/wp\/v2\/types\/post"}],"author":[{"embeddable":true,"href":"https:\/\/expotec103.fr\/index.php\/wp-json\/wp\/v2\/users\/2"}],"replies":[{"embeddable":true,"href":"https:\/\/expotec103.fr\/index.php\/wp-json\/wp\/v2\/comments?post=2104"}],"version-history":[{"count":1,"href":"https:\/\/expotec103.fr\/index.php\/wp-json\/wp\/v2\/posts\/2104\/revisions"}],"predecessor-version":[{"id":2105,"href":"https:\/\/expotec103.fr\/index.php\/wp-json\/wp\/v2\/posts\/2104\/revisions\/2105"}],"wp:attachment":[{"href":"https:\/\/expotec103.fr\/index.php\/wp-json\/wp\/v2\/media?parent=2104"}],"wp:term":[{"taxonomy":"category","embeddable":true,"href":"https:\/\/expotec103.fr\/index.php\/wp-json\/wp\/v2\/categories?post=2104"},{"taxonomy":"post_tag","embeddable":true,"href":"https:\/\/expotec103.fr\/index.php\/wp-json\/wp\/v2\/tags?post=2104"}],"curies":[{"name":"wp","href":"https:\/\/api.w.org\/{rel}","templated":true}]}}