{"id":217,"date":"2010-02-22T17:51:44","date_gmt":"2010-02-22T16:51:44","guid":{"rendered":"http:\/\/www.expotec103.com\/?p=217"},"modified":"2010-02-22T17:51:44","modified_gmt":"2010-02-22T16:51:44","slug":"preparation-des-pieces-de-la-mini-centrale","status":"publish","type":"post","link":"https:\/\/expotec103.fr\/index.php\/2010\/02\/22\/preparation-des-pieces-de-la-mini-centrale\/","title":{"rendered":"Pr\u00e9paration des pi\u00e8ces de la mini-centrale"},"content":{"rendered":"<figure style=\"width: 240px\" class=\"wp-caption alignright\"><a title=\"Daniel de zigazou76, sur Flickr\" href=\"http:\/\/www.flickr.com\/photos\/zigazou76\/4374008198\/\"><img loading=\"lazy\" decoding=\"async\" title=\"Daniel au tour\" src=\"http:\/\/farm5.static.flickr.com\/4066\/4374008198_00f8947f8d_m.jpg\" alt=\"Daniel\" width=\"240\" height=\"161\" \/><\/a><figcaption class=\"wp-caption-text\">Daniel au tour<\/figcaption><\/figure>\n<p>Les travaux autour du projet de mini centrale hydro\u00e9lectrique continuent.<\/p>\n<p>Afin d\u2019adapter la poulie de 2 m\u00e8tres \u00e0 l\u2019axe de la roue \u00e0 aubes, Daniel a usin\u00e9 deux disques de frein de camion. Usag\u00e9s, les disques de frein ! Au prix de la bestiole, on ne se permet ce genre de fantaisie \ud83d\ude09<\/p>\n<p>Il se trouve que les 2 disques avaient presque les dimensions requises pour faire l\u2019affaire.<\/p>\n<p>L\u2019usinage se fait \u00e0 la fois sur le diam\u00e8tre externe et le diam\u00e8tre interne.<\/p>\n<figure style=\"width: 500px\" class=\"wp-caption aligncenter\"><a title=\"Frein \u00e0 disque sur tour de zigazou76, sur Flickr\" href=\"http:\/\/www.flickr.com\/photos\/zigazou76\/4374004774\/\"><img loading=\"lazy\" decoding=\"async\" title=\"Usinage d\u2019un disque de frein au moyen d\u2019un tour\" src=\"http:\/\/farm5.static.flickr.com\/4002\/4374004774_dabbf00848.jpg\" alt=\"Frein \u00e0 disque sur tour\" width=\"500\" height=\"336\" \/><\/a><figcaption class=\"wp-caption-text\">Usinage d\u2019un disque de frein au moyen d\u2019un tour<\/figcaption><\/figure>\n<p>Autre pi\u00e8ce en pr\u00e9paration : l\u2019alternateur.<\/p>\n<p>Jean a r\u00e9cup\u00e9r\u00e9 un alternateur de groupe \u00e9lectrog\u00e8ne dans une casse. Il a fallu lui refaire quelques pi\u00e8ces (roulement \u00e0 billes etc.) mais il est en parfait \u00e9tat de fonctionnement. Jean a mis au point un banc de test :<\/p>\n<figure style=\"width: 500px\" class=\"wp-caption aligncenter\"><a title=\"Banc de test de l\u2019alternateur de zigazou76, sur Flickr\" href=\"http:\/\/www.flickr.com\/photos\/zigazou76\/4374054896\/\"><img loading=\"lazy\" decoding=\"async\" title=\"Banc de test de l\u2019alternateur\" src=\"http:\/\/farm3.static.flickr.com\/2707\/4374054896_5a149d76b2.jpg\" alt=\"Banc de test de l\u2019alternateur\" width=\"500\" height=\"336\" \/><\/a><figcaption class=\"wp-caption-text\">Banc de test de l\u2019alternateur<\/figcaption><\/figure>\n<p>L\u2019alternateur est en jaune, le moteur \u00e0 droite. Le r\u00e9sultat est un tantinet bruyant mais capable d\u2019alimenter un lampe halog\u00e8ne.<\/p>\n<p>Le montage final n\u00e9cessitera la mise au point d\u2019un r\u00e9gulateur de tension. En effet, la tension en sortie de l\u2019alternateur d\u00e9pend du nombre de tours par minute. Or, si cette vitesse est contr\u00f4lable sur un groupe \u00e9lectrog\u00e8ne, elle ne l\u2019est plus sur la roue \u00e0 aubes dont la vitesse d\u00e9pend du d\u00e9bit du cours d\u2019eau.<\/p>\n<p>Le sch\u00e9ma de principe de la mini-centrale hydro\u00e9lectrique pr\u00e9sent\u00e9e lors d\u2019un pr\u00e9c\u00e9dent billet ne permettait pas d\u2019imaginer le r\u00e9sultat final. Corrigeons cela avec le sch\u00e9ma ci-dessous :<\/p>\n<figure id=\"attachment_220\" aria-describedby=\"caption-attachment-220\" style=\"width: 500px\" class=\"wp-caption aligncenter\"><a href=\"http:\/\/www.expotec103.fr\/wp-content\/uploads\/2010\/02\/schema_elements.jpg\"><img loading=\"lazy\" decoding=\"async\" class=\"size-full wp-image-220\" title=\"\u00c9l\u00e9ments de la mini centrale\" src=\"http:\/\/www.expotec103.fr\/wp-content\/uploads\/2010\/02\/schema_elements.jpg\" alt=\"\u00c9l\u00e9ments de la mini centrale\" width=\"500\" height=\"419\" \/><\/a><figcaption id=\"caption-attachment-220\" class=\"wp-caption-text\">\u00c9l\u00e9ments de la mini centrale<\/figcaption><\/figure>\n<p>Petit impr\u00e9vu de ce dernier samedi : la grande poulie n\u2019\u00e9tait pas dans le bon sens. Il a fallu la lever.<\/p>\n<figure style=\"width: 500px\" class=\"wp-caption aligncenter\"><a title=\"Daniel, Sylvain, Michel et Daniel de zigazou76, sur Flickr\" href=\"http:\/\/www.flickr.com\/photos\/zigazou76\/4374076298\/\"><img loading=\"lazy\" decoding=\"async\" title=\"Levage de la grande poulie\" src=\"http:\/\/farm5.static.flickr.com\/4014\/4374076298_8515b2806c.jpg\" alt=\"Daniel, Sylvain, Michel et Daniel\" width=\"500\" height=\"336\" \/><\/a><figcaption class=\"wp-caption-text\">Levage de la grande poulie<\/figcaption><\/figure>\n<p>Une petite galerie photo pour terminer. Ne vous faites pas avoir : il y a des anciennes photos et des nouvelles !<\/p>\n<p style=\"text-align: center;\"><object classid=\"clsid:d27cdb6e-ae6d-11cf-96b8-444553540000\" width=\"500\" height=\"375\" codebase=\"http:\/\/download.macromedia.com\/pub\/shockwave\/cabs\/flash\/swflash.cab#version=6,0,40,0\"><param name=\"flashvars\" value=\"offsite=true&amp;lang=fr-fr&amp;page_show_url=%2Fphotos%2Fzigazou76%2Fsets%2F72157623265975407%2Fshow%2F&amp;page_show_back_url=%2Fphotos%2Fzigazou76%2Fsets%2F72157623265975407%2F&amp;set_id=72157623265975407&amp;jump_to=\" \/><param name=\"allowFullScreen\" value=\"true\" \/><param name=\"src\" value=\"http:\/\/www.flickr.com\/apps\/slideshow\/show.swf?v=71649\" \/><param name=\"allowfullscreen\" value=\"true\" \/><embed type=\"application\/x-shockwave-flash\" width=\"500\" height=\"375\" src=\"http:\/\/www.flickr.com\/apps\/slideshow\/show.swf?v=71649\" allowfullscreen=\"true\" flashvars=\"offsite=true&amp;lang=fr-fr&amp;page_show_url=%2Fphotos%2Fzigazou76%2Fsets%2F72157623265975407%2Fshow%2F&amp;page_show_back_url=%2Fphotos%2Fzigazou76%2Fsets%2F72157623265975407%2F&amp;set_id=72157623265975407&amp;jump_to=\"><\/embed><\/object><\/p>\n","protected":false},"excerpt":{"rendered":"<p>Les travaux autour du projet de mini centrale hydro\u00e9lectrique continuent. Afin d\u2019adapter la poulie de 2 m\u00e8tres \u00e0 l\u2019axe de la roue \u00e0 aubes, Daniel a usin\u00e9 deux disques de frein de camion. Usag\u00e9s, les disques de frein ! Au prix de la bestiole, on ne se permet ce genre de fantaisie \ud83d\ude09 Il se &hellip; <a href=\"https:\/\/expotec103.fr\/index.php\/2010\/02\/22\/preparation-des-pieces-de-la-mini-centrale\/\" class=\"more-link\">Continuer la lecture de <span class=\"screen-reader-text\">Pr\u00e9paration des pi\u00e8ces de la mini-centrale<\/span><\/a><\/p>\n","protected":false},"author":1,"featured_media":0,"comment_status":"open","ping_status":"open","sticky":false,"template":"","format":"standard","meta":{"footnotes":""},"categories":[20],"tags":[74,127,258,284,313],"_links":{"self":[{"href":"https:\/\/expotec103.fr\/index.php\/wp-json\/wp\/v2\/posts\/217"}],"collection":[{"href":"https:\/\/expotec103.fr\/index.php\/wp-json\/wp\/v2\/posts"}],"about":[{"href":"https:\/\/expotec103.fr\/index.php\/wp-json\/wp\/v2\/types\/post"}],"author":[{"embeddable":true,"href":"https:\/\/expotec103.fr\/index.php\/wp-json\/wp\/v2\/users\/1"}],"replies":[{"embeddable":true,"href":"https:\/\/expotec103.fr\/index.php\/wp-json\/wp\/v2\/comments?post=217"}],"version-history":[{"count":0,"href":"https:\/\/expotec103.fr\/index.php\/wp-json\/wp\/v2\/posts\/217\/revisions"}],"wp:attachment":[{"href":"https:\/\/expotec103.fr\/index.php\/wp-json\/wp\/v2\/media?parent=217"}],"wp:term":[{"taxonomy":"category","embeddable":true,"href":"https:\/\/expotec103.fr\/index.php\/wp-json\/wp\/v2\/categories?post=217"},{"taxonomy":"post_tag","embeddable":true,"href":"https:\/\/expotec103.fr\/index.php\/wp-json\/wp\/v2\/tags?post=217"}],"curies":[{"name":"wp","href":"https:\/\/api.w.org\/{rel}","templated":true}]}}