{"id":328,"date":"2010-04-19T14:37:04","date_gmt":"2010-04-19T13:37:04","guid":{"rendered":"http:\/\/www.expotec103.com\/?p=328"},"modified":"2010-04-19T14:37:04","modified_gmt":"2010-04-19T13:37:04","slug":"saint-jean-porte-latine-fete-des-imprimeurs","status":"publish","type":"post","link":"https:\/\/expotec103.fr\/index.php\/2010\/04\/19\/saint-jean-porte-latine-fete-des-imprimeurs\/","title":{"rendered":"Saint Jean Porte Latine, f\u00eate des imprimeurs"},"content":{"rendered":"<figure id=\"attachment_329\" aria-describedby=\"caption-attachment-329\" style=\"width: 150px\" class=\"wp-caption alignright\"><a href=\"http:\/\/www.expotec103.fr\/wp-content\/uploads\/2010\/04\/b.jpg\"><img loading=\"lazy\" decoding=\"async\" class=\"size-full wp-image-329\" title=\"Vignette\" src=\"http:\/\/www.expotec103.fr\/wp-content\/uploads\/2010\/04\/b.jpg\" alt=\"Vignette\" width=\"150\" height=\"200\" \/><\/a><figcaption id=\"caption-attachment-329\" class=\"wp-caption-text\">Vignette<\/figcaption><\/figure>\n<p><strong>Samedi 24 et dimanche 25 avril<\/strong>, c\u2019est la f\u00eate des imprimeurs au moulin Saint-Gilles, 13 rue Saint-Gilles, \u00e0 Rouen.<\/p>\n<p>De 14h \u00e0 17h le samedi et de 10h \u00e0 17h le dimanche, nous vous accueillerons pour vous faire (re)d\u00e9couvrir l\u2019imprimerie \u00e0 travers une exposition de pi\u00e8ces anciennes et des d\u00e9monstrations de typographie et d\u2019impression \u00e0 l\u2019ancienne.<\/p>\n<p>Au programme :<\/p>\n<ul>\n<li>un cahier d\u2019\u00e9criture du d\u00e9but si\u00e8cle dernier d\u2019une \u00e9l\u00e8ve du Cours Notre-Dame,<\/li>\n<li>d\u00e9monstration de typographie (composition, presse),<\/li>\n<li>d\u00e9monstration de la presse \u00e0 p\u00e9dale Minerve,<\/li>\n<li>d\u00e9monstration de Linotype,<\/li>\n<li>brochures publicitaires d\u2019\u00e9poque,<\/li>\n<li>d\u00e9monstration de la presse Heidelberg,<\/li>\n<li>explication des outils des imprimeurs,<\/li>\n<li>pr\u00e9sentation d\u2019une presse portative,<\/li>\n<li>et plein d\u2019autres choses \u00e0 voir !<\/li>\n<\/ul>\n<p>Le moulin Saint-Gilles se trouve sur la route des Moulins, l\u2019occasion d\u2019une balade un apr\u00e8s-midi qui se terminerait par une visite du moulin Saint-Gilles. Possibilit\u00e9 de se garer en voiture sur le parking.<\/p>\n<p style=\"text-align: center;\">[mappress]<\/p>\n","protected":false},"excerpt":{"rendered":"<p>Samedi 24 et dimanche 25 avril, c\u2019est la f\u00eate des imprimeurs au moulin Saint-Gilles, 13 rue Saint-Gilles, \u00e0 Rouen. De 14h \u00e0 17h le samedi et de 10h \u00e0 17h le dimanche, nous vous accueillerons pour vous faire (re)d\u00e9couvrir l\u2019imprimerie \u00e0 travers une exposition de pi\u00e8ces anciennes et des d\u00e9monstrations de typographie et d\u2019impression \u00e0 &hellip; <a href=\"https:\/\/expotec103.fr\/index.php\/2010\/04\/19\/saint-jean-porte-latine-fete-des-imprimeurs\/\" class=\"more-link\">Continuer la lecture de <span class=\"screen-reader-text\">Saint Jean Porte Latine, f\u00eate des imprimeurs<\/span><\/a><\/p>\n","protected":false},"author":1,"featured_media":0,"comment_status":"open","ping_status":"open","sticky":false,"template":"","format":"standard","meta":{"footnotes":""},"categories":[3,10],"tags":[117,144,148,175,289],"_links":{"self":[{"href":"https:\/\/expotec103.fr\/index.php\/wp-json\/wp\/v2\/posts\/328"}],"collection":[{"href":"https:\/\/expotec103.fr\/index.php\/wp-json\/wp\/v2\/posts"}],"about":[{"href":"https:\/\/expotec103.fr\/index.php\/wp-json\/wp\/v2\/types\/post"}],"author":[{"embeddable":true,"href":"https:\/\/expotec103.fr\/index.php\/wp-json\/wp\/v2\/users\/1"}],"replies":[{"embeddable":true,"href":"https:\/\/expotec103.fr\/index.php\/wp-json\/wp\/v2\/comments?post=328"}],"version-history":[{"count":0,"href":"https:\/\/expotec103.fr\/index.php\/wp-json\/wp\/v2\/posts\/328\/revisions"}],"wp:attachment":[{"href":"https:\/\/expotec103.fr\/index.php\/wp-json\/wp\/v2\/media?parent=328"}],"wp:term":[{"taxonomy":"category","embeddable":true,"href":"https:\/\/expotec103.fr\/index.php\/wp-json\/wp\/v2\/categories?post=328"},{"taxonomy":"post_tag","embeddable":true,"href":"https:\/\/expotec103.fr\/index.php\/wp-json\/wp\/v2\/tags?post=328"}],"curies":[{"name":"wp","href":"https:\/\/api.w.org\/{rel}","templated":true}]}}