{"id":336,"date":"2010-04-28T17:33:16","date_gmt":"2010-04-28T16:33:16","guid":{"rendered":"http:\/\/www.expotec103.com\/?p=336"},"modified":"2010-04-28T17:33:16","modified_gmt":"2010-04-28T16:33:16","slug":"jean-pierre-engelhard","status":"publish","type":"post","link":"https:\/\/expotec103.fr\/index.php\/2010\/04\/28\/jean-pierre-engelhard\/","title":{"rendered":"Jean-Pierre Engelhard"},"content":{"rendered":"<figure id=\"attachment_337\" aria-describedby=\"caption-attachment-337\" style=\"width: 150px\" class=\"wp-caption alignright\"><a href=\"http:\/\/www.expotec103.fr\/wp-content\/uploads\/2010\/04\/jpe.jpg\"><img loading=\"lazy\" decoding=\"async\" class=\"size-full wp-image-337\" title=\"Jean-Pierre Engelhard\" src=\"http:\/\/www.expotec103.fr\/wp-content\/uploads\/2010\/04\/jpe.jpg\" alt=\"Jean-Pierre Engelhard\" width=\"150\" height=\"200\" \/><\/a><figcaption id=\"caption-attachment-337\" class=\"wp-caption-text\">Jean-Pierre Engelhard<\/figcaption><\/figure>\n<p>Apr\u00e8s 25 ans d\u2019activit\u00e9 en tant que Pr\u00e9sident fondateur du Centre d\u2019Histoire Sociale et directeur des Chantiers du patrimoine, Jean-Pierre Engelhard nous a quitt\u00e9s ce mercredi matin.<\/p>\n<p>Il sera inhum\u00e9 lundi 3 mai \u00e0 16h \u00e0 Saint-Martin-du-Vivier.<\/p>\n<p>Il avait re\u00e7u le 9 novembre 2009 la m\u00e9daille d\u2019honneur de la ville de Rouen des mains de Val\u00e9rie Fourneyron en l\u2019abbatiale Saint-Ouen \u00e0 l\u2019occasion des 25 ans de l\u2019association.<\/p>\n<p>\ufeffPierre Albertini, maire de Rouen en 2003, lui avait alors remis la m\u00e9daille d\u2019or du m\u00e9rite et du d\u00e9vouement.<\/p>\n","protected":false},"excerpt":{"rendered":"<p>Apr\u00e8s 25 ans d\u2019activit\u00e9 en tant que Pr\u00e9sident fondateur du Centre d\u2019Histoire Sociale et directeur des Chantiers du patrimoine, Jean-Pierre Engelhard nous a quitt\u00e9s ce mercredi matin. Il sera inhum\u00e9 lundi 3 mai \u00e0 16h \u00e0 Saint-Martin-du-Vivier. Il avait re\u00e7u le 9 novembre 2009 la m\u00e9daille d\u2019honneur de la ville de Rouen des mains de &hellip; <a href=\"https:\/\/expotec103.fr\/index.php\/2010\/04\/28\/jean-pierre-engelhard\/\" class=\"more-link\">Continuer la lecture de <span class=\"screen-reader-text\">Jean-Pierre Engelhard<\/span><\/a><\/p>\n","protected":false},"author":1,"featured_media":0,"comment_status":"open","ping_status":"open","sticky":false,"template":"","format":"standard","meta":{"footnotes":""},"categories":[3],"tags":[138,184,262],"_links":{"self":[{"href":"https:\/\/expotec103.fr\/index.php\/wp-json\/wp\/v2\/posts\/336"}],"collection":[{"href":"https:\/\/expotec103.fr\/index.php\/wp-json\/wp\/v2\/posts"}],"about":[{"href":"https:\/\/expotec103.fr\/index.php\/wp-json\/wp\/v2\/types\/post"}],"author":[{"embeddable":true,"href":"https:\/\/expotec103.fr\/index.php\/wp-json\/wp\/v2\/users\/1"}],"replies":[{"embeddable":true,"href":"https:\/\/expotec103.fr\/index.php\/wp-json\/wp\/v2\/comments?post=336"}],"version-history":[{"count":0,"href":"https:\/\/expotec103.fr\/index.php\/wp-json\/wp\/v2\/posts\/336\/revisions"}],"wp:attachment":[{"href":"https:\/\/expotec103.fr\/index.php\/wp-json\/wp\/v2\/media?parent=336"}],"wp:term":[{"taxonomy":"category","embeddable":true,"href":"https:\/\/expotec103.fr\/index.php\/wp-json\/wp\/v2\/categories?post=336"},{"taxonomy":"post_tag","embeddable":true,"href":"https:\/\/expotec103.fr\/index.php\/wp-json\/wp\/v2\/tags?post=336"}],"curies":[{"name":"wp","href":"https:\/\/api.w.org\/{rel}","templated":true}]}}