{"id":382,"date":"2010-05-10T07:58:05","date_gmt":"2010-05-10T06:58:05","guid":{"rendered":"http:\/\/www.expotec103.com\/?p=382"},"modified":"2010-05-10T07:58:05","modified_gmt":"2010-05-10T06:58:05","slug":"saint-honore-2010","status":"publish","type":"post","link":"https:\/\/expotec103.fr\/index.php\/2010\/05\/10\/saint-honore-2010\/","title":{"rendered":"Saint-Honor\u00e9 2010"},"content":{"rendered":"<figure id=\"attachment_383\" aria-describedby=\"caption-attachment-383\" style=\"width: 150px\" class=\"wp-caption alignright\"><a href=\"http:\/\/www.expotec103.fr\/wp-content\/uploads\/2010\/05\/invitationsh2010t.jpg\"><img loading=\"lazy\" decoding=\"async\" class=\"size-full wp-image-383\" title=\"Invitation Saint-Honor\u00e9 2010\" src=\"http:\/\/www.expotec103.fr\/wp-content\/uploads\/2010\/05\/invitationsh2010t.jpg\" alt=\"Invitation Saint-Honor\u00e9 2010\" width=\"150\" height=\"214\" \/><\/a><figcaption id=\"caption-attachment-383\" class=\"wp-caption-text\">Invitation Saint-Honor\u00e9 2010<\/figcaption><\/figure>\n<p>Samedi 15 et dimanche 16 mai, le Centre d\u2019Histoire Sociale a le plaisir de vous inviter \u00e0 l\u2019\u00e9dition 2010 de la traditionnelle Saint-Honor\u00e9, f\u00eate des boulangers.<\/p>\n<p>\u00c0 cette occasion, des fourn\u00e9es de pain seront organis\u00e9es de 11h \u00e0 17h ainsi que deux expositions : la fabrication du pain et la route des Moulins.<\/p>\n<p>La toute premi\u00e8re fourn\u00e9e aura lieu vendredi 14 mai \u00e0 18h, accompagn\u00e9e de fougasses et de cidre Ponpon (l\u2019abus d\u2019alcool est dangereux pour la sant\u00e9).<\/p>\n<p>Tout \u00e7a se passe au four banal de la Pannevert \u00e0 Rouen, au croisement de la rue de la Pannevert et de la route des Petites-Eaux-du-Robec (Route des Moulins).<\/p>\n","protected":false},"excerpt":{"rendered":"<p>Samedi 15 et dimanche 16 mai, le Centre d\u2019Histoire Sociale a le plaisir de vous inviter \u00e0 l\u2019\u00e9dition 2010 de la traditionnelle Saint-Honor\u00e9, f\u00eate des boulangers. \u00c0 cette occasion, des fourn\u00e9es de pain seront organis\u00e9es de 11h \u00e0 17h ainsi que deux expositions : la fabrication du pain et la route des Moulins. La toute &hellip; <a href=\"https:\/\/expotec103.fr\/index.php\/2010\/05\/10\/saint-honore-2010\/\" class=\"more-link\">Continuer la lecture de <span class=\"screen-reader-text\">Saint-Honor\u00e9 2010<\/span><\/a><\/p>\n","protected":false},"author":1,"featured_media":0,"comment_status":"open","ping_status":"open","sticky":false,"template":"","format":"standard","meta":{"footnotes":""},"categories":[3,5],"tags":[67,148,155,239,292],"_links":{"self":[{"href":"https:\/\/expotec103.fr\/index.php\/wp-json\/wp\/v2\/posts\/382"}],"collection":[{"href":"https:\/\/expotec103.fr\/index.php\/wp-json\/wp\/v2\/posts"}],"about":[{"href":"https:\/\/expotec103.fr\/index.php\/wp-json\/wp\/v2\/types\/post"}],"author":[{"embeddable":true,"href":"https:\/\/expotec103.fr\/index.php\/wp-json\/wp\/v2\/users\/1"}],"replies":[{"embeddable":true,"href":"https:\/\/expotec103.fr\/index.php\/wp-json\/wp\/v2\/comments?post=382"}],"version-history":[{"count":0,"href":"https:\/\/expotec103.fr\/index.php\/wp-json\/wp\/v2\/posts\/382\/revisions"}],"wp:attachment":[{"href":"https:\/\/expotec103.fr\/index.php\/wp-json\/wp\/v2\/media?parent=382"}],"wp:term":[{"taxonomy":"category","embeddable":true,"href":"https:\/\/expotec103.fr\/index.php\/wp-json\/wp\/v2\/categories?post=382"},{"taxonomy":"post_tag","embeddable":true,"href":"https:\/\/expotec103.fr\/index.php\/wp-json\/wp\/v2\/tags?post=382"}],"curies":[{"name":"wp","href":"https:\/\/api.w.org\/{rel}","templated":true}]}}