{"id":39,"date":"2009-12-20T20:34:56","date_gmt":"2009-12-20T19:34:56","guid":{"rendered":"http:\/\/www.expotec103.com\/?p=39"},"modified":"2009-12-20T20:34:56","modified_gmt":"2009-12-20T19:34:56","slug":"presentation-du-moteur-winterthur","status":"publish","type":"post","link":"https:\/\/expotec103.fr\/index.php\/2009\/12\/20\/presentation-du-moteur-winterthur\/","title":{"rendered":"Pr\u00e9sentation du moteur Winterthur"},"content":{"rendered":"<p>Le moteur Winterthur est un moteur di\u00e9sel monocylindre d\u00e9veloppant 60 chevaux.<\/p>\n<p>L\u2019objectif \u00e0 atteindre pour ce moteur est d\u2019\u00eatre coupl\u00e9 \u00e0 un compresseur Spiros afin d\u2019alimenter en air comprim\u00e9 des machines \u00e0 vapeur.<\/p>\n<p>Sur la photo, le moteur Winterthur est pos\u00e9 sur son futur emplacement, le massif restant \u00e0 construire. On peut apercevoir le compresseur Spiros en gris derri\u00e8re.<\/p>\n<p style=\"text-align: center;\">\n<figure id=\"attachment_40\" aria-describedby=\"caption-attachment-40\" style=\"width: 425px\" class=\"wp-caption aligncenter\"><a href=\"http:\/\/www.expotec103.com\/wp-content\/uploads\/2009\/12\/winterthur01.jpg\"><img loading=\"lazy\" decoding=\"async\" class=\"size-full wp-image-40\" title=\"Moteur Winterthur \u00e0 son futur emplacement\" src=\"http:\/\/www.expotec103.com\/wp-content\/uploads\/2009\/12\/winterthur01.jpg\" alt=\"Moteur Winterthur devant son massif\" width=\"425\" height=\"319\" \/><\/a><figcaption id=\"caption-attachment-40\" class=\"wp-caption-text\">Moteur Winterthur \u00e0 son futur emplacement<\/figcaption><\/figure>\n","protected":false},"excerpt":{"rendered":"<p>Le moteur Winterthur est un moteur di\u00e9sel monocylindre d\u00e9veloppant 60 chevaux. L\u2019objectif \u00e0 atteindre pour ce moteur est d\u2019\u00eatre coupl\u00e9 \u00e0 un compresseur Spiros afin d\u2019alimenter en air comprim\u00e9 des machines \u00e0 vapeur. Sur la photo, le moteur Winterthur est pos\u00e9 sur son futur emplacement, le massif restant \u00e0 construire. On peut apercevoir le compresseur &hellip; <a href=\"https:\/\/expotec103.fr\/index.php\/2009\/12\/20\/presentation-du-moteur-winterthur\/\" class=\"more-link\">Continuer la lecture de <span class=\"screen-reader-text\">Pr\u00e9sentation du moteur Winterthur<\/span><\/a><\/p>\n","protected":false},"author":1,"featured_media":0,"comment_status":"open","ping_status":"open","sticky":false,"template":"","format":"standard","meta":{"footnotes":""},"categories":[30],"tags":[125,219,337],"_links":{"self":[{"href":"https:\/\/expotec103.fr\/index.php\/wp-json\/wp\/v2\/posts\/39"}],"collection":[{"href":"https:\/\/expotec103.fr\/index.php\/wp-json\/wp\/v2\/posts"}],"about":[{"href":"https:\/\/expotec103.fr\/index.php\/wp-json\/wp\/v2\/types\/post"}],"author":[{"embeddable":true,"href":"https:\/\/expotec103.fr\/index.php\/wp-json\/wp\/v2\/users\/1"}],"replies":[{"embeddable":true,"href":"https:\/\/expotec103.fr\/index.php\/wp-json\/wp\/v2\/comments?post=39"}],"version-history":[{"count":0,"href":"https:\/\/expotec103.fr\/index.php\/wp-json\/wp\/v2\/posts\/39\/revisions"}],"wp:attachment":[{"href":"https:\/\/expotec103.fr\/index.php\/wp-json\/wp\/v2\/media?parent=39"}],"wp:term":[{"taxonomy":"category","embeddable":true,"href":"https:\/\/expotec103.fr\/index.php\/wp-json\/wp\/v2\/categories?post=39"},{"taxonomy":"post_tag","embeddable":true,"href":"https:\/\/expotec103.fr\/index.php\/wp-json\/wp\/v2\/tags?post=39"}],"curies":[{"name":"wp","href":"https:\/\/api.w.org\/{rel}","templated":true}]}}