{"id":449,"date":"2010-06-21T06:21:19","date_gmt":"2010-06-21T05:21:19","guid":{"rendered":"http:\/\/www.expotec103.com\/?p=449"},"modified":"2010-06-21T06:21:19","modified_gmt":"2010-06-21T05:21:19","slug":"grand-nettoyage-dete","status":"publish","type":"post","link":"https:\/\/expotec103.fr\/index.php\/2010\/06\/21\/grand-nettoyage-dete\/","title":{"rendered":"Grand nettoyage d\u2019\u00e9t\u00e9"},"content":{"rendered":"<figure id=\"attachment_450\" aria-describedby=\"caption-attachment-450\" style=\"width: 150px\" class=\"wp-caption alignright\"><img loading=\"lazy\" decoding=\"async\" class=\"size-full wp-image-450\" title=\"On a besoin de vous !\" src=\"http:\/\/www.expotec103.fr\/wp-content\/uploads\/2010\/06\/weneedyou.jpg\" alt=\"On a besoin de vous !\" width=\"150\" height=\"202\" \/><figcaption id=\"caption-attachment-450\" class=\"wp-caption-text\">On a besoin de vous !<\/figcaption><\/figure>\n<p><strong>Samedi 26 juin<\/strong>, de 9h \u00e0 17h, le Centre d\u2019Histoire Sociale organise un grand nettoyage d\u2019\u00e9t\u00e9 au Moulin Saint-Gilles en pr\u00e9vision des Journ\u00e9es du Patrimoine 2010.<\/p>\n<p>Nous recherchons donc des b\u00e9n\u00e9voles pour participer \u00e0 cette op\u00e9ration.<\/p>\n<h2>Qui faut-il pr\u00e9venir ?<\/h2>\n<p>Le repas du midi \u00e9tant assur\u00e9, il est demand\u00e9 de s\u2019inscrire avant le 24 juin afin d\u2019assurer son organisation.<\/p>\n<p>Pour pr\u00e9venir de votre pr\u00e9sence, contacter Yvon au 02 35 65 20 58 (avant 20h) ou au 06 03 70 20 77 (avant 20h).<\/p>\n<h2>Que vous faut-il ?<\/h2>\n<p>Une tenue et des gants de travail.<\/p>\n<h2>O\u00f9 cela se passe-t-il ?<\/h2>\n<p>Au Moulin Saint-Gilles, 13 rue Saint-Gilles \u00e0 Rouen. Un parking est mis \u00e0 votre disposition.<\/p>\n<p>[mappress] <\/p>\n","protected":false},"excerpt":{"rendered":"<p>Samedi 26 juin, de 9h \u00e0 17h, le Centre d\u2019Histoire Sociale organise un grand nettoyage d\u2019\u00e9t\u00e9 au Moulin Saint-Gilles en pr\u00e9vision des Journ\u00e9es du Patrimoine 2010. Nous recherchons donc des b\u00e9n\u00e9voles pour participer \u00e0 cette op\u00e9ration. Qui faut-il pr\u00e9venir ? Le repas du midi \u00e9tant assur\u00e9, il est demand\u00e9 de s\u2019inscrire avant le 24 juin &hellip; <a href=\"https:\/\/expotec103.fr\/index.php\/2010\/06\/21\/grand-nettoyage-dete\/\" class=\"more-link\">Continuer la lecture de <span class=\"screen-reader-text\">Grand nettoyage d\u2019\u00e9t\u00e9<\/span><\/a><\/p>\n","protected":false},"author":1,"featured_media":0,"comment_status":"open","ping_status":"open","sticky":false,"template":"","format":"standard","meta":{"footnotes":""},"categories":[3],"tags":[142,228,265],"_links":{"self":[{"href":"https:\/\/expotec103.fr\/index.php\/wp-json\/wp\/v2\/posts\/449"}],"collection":[{"href":"https:\/\/expotec103.fr\/index.php\/wp-json\/wp\/v2\/posts"}],"about":[{"href":"https:\/\/expotec103.fr\/index.php\/wp-json\/wp\/v2\/types\/post"}],"author":[{"embeddable":true,"href":"https:\/\/expotec103.fr\/index.php\/wp-json\/wp\/v2\/users\/1"}],"replies":[{"embeddable":true,"href":"https:\/\/expotec103.fr\/index.php\/wp-json\/wp\/v2\/comments?post=449"}],"version-history":[{"count":0,"href":"https:\/\/expotec103.fr\/index.php\/wp-json\/wp\/v2\/posts\/449\/revisions"}],"wp:attachment":[{"href":"https:\/\/expotec103.fr\/index.php\/wp-json\/wp\/v2\/media?parent=449"}],"wp:term":[{"taxonomy":"category","embeddable":true,"href":"https:\/\/expotec103.fr\/index.php\/wp-json\/wp\/v2\/categories?post=449"},{"taxonomy":"post_tag","embeddable":true,"href":"https:\/\/expotec103.fr\/index.php\/wp-json\/wp\/v2\/tags?post=449"}],"curies":[{"name":"wp","href":"https:\/\/api.w.org\/{rel}","templated":true}]}}