{"id":463,"date":"2010-09-12T07:21:34","date_gmt":"2010-09-12T06:21:34","guid":{"rendered":"http:\/\/www.expotec103.com\/?p=463"},"modified":"2010-09-12T07:21:34","modified_gmt":"2010-09-12T06:21:34","slug":"journees-du-patrimoine-2010","status":"publish","type":"post","link":"https:\/\/expotec103.fr\/index.php\/2010\/09\/12\/journees-du-patrimoine-2010\/","title":{"rendered":"Journ\u00e9es du patrimoine 2010"},"content":{"rendered":"<figure id=\"attachment_464\" aria-describedby=\"caption-attachment-464\" style=\"width: 200px\" class=\"wp-caption alignright\"><a href=\"http:\/\/www.expotec103.fr\/wp-content\/uploads\/2010\/09\/journeespatrimoine2010.jpg\"><img loading=\"lazy\" decoding=\"async\" class=\"size-medium wp-image-464\" title=\"Journ\u00e9es du Patrimoine 2010\" src=\"http:\/\/www.expotec103.fr\/wp-content\/uploads\/2010\/09\/journeespatrimoine2010-200x300.jpg\" alt=\"Journ\u00e9es du Patrimoine 2010\" width=\"200\" height=\"300\" \/><\/a><figcaption id=\"caption-attachment-464\" class=\"wp-caption-text\">Journ\u00e9es du Patrimoine 2010<\/figcaption><\/figure>\n<p>Comme chaque ann\u00e9e, le Centre d\u2019Histoire Sociale f\u00eate les Journ\u00e9es du Patrimoine Industriel 2010.<\/p>\n<p>Les festivit\u00e9s commencent d\u00e8s vendredi\u2026<\/p>\n<h2>Le programme<\/h2>\n<h3>Vendredi 17 septembre<\/h3>\n<p>D\u00e8s 17 h, visite des ateliers (d\u00e9monstrations et machines en mouvement) et expositions \u00ab Les Hommes de Normandie \u00bb et \u00ab Le CHS : 25 ans de protection du patrimoine r\u00e9gional \u00bb au Moulin Saint-Gilles.<\/p>\n<p>\u00c0 19 h, fourn\u00e9e de pain inaugurale au four banal de la Pannevert.<\/p>\n<h3>Samedi 18 septembre<\/h3>\n<p>De 10 h \u00e0 19 h, visite des ateliers (d\u00e9monstrations et machines en mouvement)  et expositions \u00ab Les Hommes de Normandie \u00bb et \u00ab Le CHS : 25 ans de  protection du patrimoine r\u00e9gional \u00bb au Moulin Saint-Gilles.<\/p>\n<p>De 10 h \u00e0 19 h, fourn\u00e9e de pain au four banal de la Pannevert.<\/p>\n<p>\u00c0 14 h, randonn\u00e9e d\u00e9couverte de la Route des Moulins, d\u00e9part au four banal de la Pannevert.<\/p>\n<h3>Dimanche 19 septembre<\/h3>\n<p>De 10 h \u00e0 19 h, visite des ateliers (d\u00e9monstrations et machines en mouvement)  et expositions \u00ab Les Hommes de Normandie \u00bb et \u00ab Le CHS : 25 ans de  protection du patrimoine r\u00e9gional \u00bb au Moulin Saint-Gilles.<\/p>\n<p>De 10 h \u00e0 19 h, fourn\u00e9e de pain au four banal de la Pannevert.<\/p>\n<p>\u00c0 12 h, ap\u00e9ritif musical et fourn\u00e9e de pain, sur l\u2019esplanade de la Pannevert, pr\u00e9sid\u00e9s par Mme Val\u00e9rie Fourneyron, D\u00e9put\u00e9e Maire de Rouen et anim\u00e9s par le groupe Totem (jazz fusion).<\/p>\n<p>\u00c0 14 h, randonn\u00e9e d\u00e9couverte de la Route des Moulins, d\u00e9part au four banal de la Pannevert.<\/p>\n<h2>Souvenir<\/h2>\n<figure id=\"attachment_337\" aria-describedby=\"caption-attachment-337\" style=\"width: 150px\" class=\"wp-caption alignright\"><a href=\"http:\/\/www.expotec103.fr\/wp-content\/uploads\/2010\/04\/jpe.jpg\"><img loading=\"lazy\" decoding=\"async\" class=\"size-full wp-image-337\" title=\"Jean-Pierre Engelhard\" src=\"http:\/\/www.expotec103.fr\/wp-content\/uploads\/2010\/04\/jpe.jpg\" alt=\"Jean-Pierre Engelhard\" width=\"150\" height=\"200\" \/><\/a><figcaption id=\"caption-attachment-337\" class=\"wp-caption-text\">Jean-Pierre Engelhard<\/figcaption><\/figure>\n<p>Ces Journ\u00e9es du Patrimoine sont \u00e9galement les premi\u00e8res qui ont lieu sans la pr\u00e9sence de Jean-Pierre Engelhard, Pr\u00e9sident-Fondateur du CHS, qui nous a quitt\u00e9s fin avril 2010.<\/p>\n<p>Son travail et son acharnement durant plus de 25 ans ont permis, non seulement, la sauvegarde et la pr\u00e9servation de t\u00e9moins de notre patrimoine r\u00e9gional ou d\u2019espaces environnementaux (la Route des Moulins en est le plus bel exemple), mais \u00e9galement et surtout une prise de conscience collective des notions de Culture Industrielle, de Culture du travail et du patrimoine qui s\u2019y rapporte.<\/p>\n","protected":false},"excerpt":{"rendered":"<p>Comme chaque ann\u00e9e, le Centre d\u2019Histoire Sociale f\u00eate les Journ\u00e9es du Patrimoine Industriel 2010. Les festivit\u00e9s commencent d\u00e8s vendredi\u2026 Le programme Vendredi 17 septembre D\u00e8s 17 h, visite des ateliers (d\u00e9monstrations et machines en mouvement) et expositions \u00ab Les Hommes de Normandie \u00bb et \u00ab Le CHS : 25 ans de protection du patrimoine r\u00e9gional &hellip; <a href=\"https:\/\/expotec103.fr\/index.php\/2010\/09\/12\/journees-du-patrimoine-2010\/\" class=\"more-link\">Continuer la lecture de <span class=\"screen-reader-text\">Journ\u00e9es du patrimoine 2010<\/span><\/a><\/p>\n","protected":false},"author":1,"featured_media":0,"comment_status":"open","ping_status":"open","sticky":false,"template":"","format":"standard","meta":{"footnotes":""},"categories":[3,12],"tags":[138,177,184,188,243],"_links":{"self":[{"href":"https:\/\/expotec103.fr\/index.php\/wp-json\/wp\/v2\/posts\/463"}],"collection":[{"href":"https:\/\/expotec103.fr\/index.php\/wp-json\/wp\/v2\/posts"}],"about":[{"href":"https:\/\/expotec103.fr\/index.php\/wp-json\/wp\/v2\/types\/post"}],"author":[{"embeddable":true,"href":"https:\/\/expotec103.fr\/index.php\/wp-json\/wp\/v2\/users\/1"}],"replies":[{"embeddable":true,"href":"https:\/\/expotec103.fr\/index.php\/wp-json\/wp\/v2\/comments?post=463"}],"version-history":[{"count":0,"href":"https:\/\/expotec103.fr\/index.php\/wp-json\/wp\/v2\/posts\/463\/revisions"}],"wp:attachment":[{"href":"https:\/\/expotec103.fr\/index.php\/wp-json\/wp\/v2\/media?parent=463"}],"wp:term":[{"taxonomy":"category","embeddable":true,"href":"https:\/\/expotec103.fr\/index.php\/wp-json\/wp\/v2\/categories?post=463"},{"taxonomy":"post_tag","embeddable":true,"href":"https:\/\/expotec103.fr\/index.php\/wp-json\/wp\/v2\/tags?post=463"}],"curies":[{"name":"wp","href":"https:\/\/api.w.org\/{rel}","templated":true}]}}