{"id":488,"date":"2010-10-01T00:16:38","date_gmt":"2010-09-30T23:16:38","guid":{"rendered":"http:\/\/www.expotec103.com\/?p=488"},"modified":"2010-10-01T00:16:38","modified_gmt":"2010-09-30T23:16:38","slug":"8e-salon-professionnel-niort-freres","status":"publish","type":"post","link":"https:\/\/expotec103.fr\/index.php\/2010\/10\/01\/8e-salon-professionnel-niort-freres\/","title":{"rendered":"8e salon professionnel Niort Fr\u00e8res"},"content":{"rendered":"<p>Voici un premier retour rapide du CHS au 8e salon professionnel Niort Fr\u00e8res !<\/p>\n<p>Tout cela se passe au parc des expositions de Rouen.<\/p>\n<figure style=\"width: 500px\" class=\"wp-caption aligncenter\"><a title=\"Parc des Expositions de Rouen de zigazou76, sur Flickr\" href=\"http:\/\/www.flickr.com\/photos\/zigazou76\/5040413686\/\"><img loading=\"lazy\" decoding=\"async\" title=\"Parc des Expositions de Rouen\" src=\"http:\/\/farm5.static.flickr.com\/4125\/5040413686_3f5fdeb42b.jpg\" alt=\"Parc des Expositions de Rouen\" width=\"500\" height=\"336\" \/><\/a><figcaption class=\"wp-caption-text\">Parc des Expositions de Rouen<\/figcaption><\/figure>\n<p>Le salon est cons\u00e9quent en termes d\u2019espace et d\u2019exposants.<\/p>\n<figure style=\"width: 500px\" class=\"wp-caption aligncenter\"><a title=\"Salon professionnel Niort Fr\u00e8res 2010 de zigazou76, sur Flickr\" href=\"http:\/\/www.flickr.com\/photos\/zigazou76\/5040426226\/\"><img loading=\"lazy\" decoding=\"async\" title=\"Salon professionnel Niort Fr\u00e8res 2010\" src=\"http:\/\/farm5.static.flickr.com\/4125\/5040426226_b494497ce4.jpg\" alt=\"Salon professionnel Niort Fr\u00e8res 2010\" width=\"500\" height=\"336\" \/><\/a><figcaption class=\"wp-caption-text\">Salon professionnel Niort Fr\u00e8res 2010<\/figcaption><\/figure>\n<p>Notre espace est visible d\u00e8s l\u2019entr\u00e9e du salon.<\/p>\n<p>Nos machines sont bien install\u00e9es et attirent beaucoup de personnes curieuses et int\u00e9ress\u00e9es.<\/p>\n<figure style=\"width: 500px\" class=\"wp-caption aligncenter\"><a title=\"Le CHS au salon professionnel Niort Fr\u00e8res de zigazou76, sur Flickr\" href=\"http:\/\/www.flickr.com\/photos\/zigazou76\/5040438418\/\"><img loading=\"lazy\" decoding=\"async\" title=\"Le CHS au salon professionnel Niort Fr\u00e8res\" src=\"http:\/\/farm5.static.flickr.com\/4111\/5040438418_f19301c1cd.jpg\" alt=\"Le CHS au salon professionnel Niort Fr\u00e8res\" width=\"500\" height=\"336\" \/><\/a><figcaption class=\"wp-caption-text\">Le CHS au salon professionnel Niort Fr\u00e8res<\/figcaption><\/figure>\n<p>L\u2019entr\u00e9e du salon et le parking sont gratuits, n\u2019h\u00e9sitez donc pas \u00e0 venir nous faire un petit coucou vendredi 1er octobre de 14h \u00e0 22h.<\/p>\n","protected":false},"excerpt":{"rendered":"<p>Voici un premier retour rapide du CHS au 8e salon professionnel Niort Fr\u00e8res ! Tout cela se passe au parc des expositions de Rouen. Le salon est cons\u00e9quent en termes d\u2019espace et d\u2019exposants. Notre espace est visible d\u00e8s l\u2019entr\u00e9e du salon. Nos machines sont bien install\u00e9es et attirent beaucoup de personnes curieuses et int\u00e9ress\u00e9es. L\u2019entr\u00e9e &hellip; <a href=\"https:\/\/expotec103.fr\/index.php\/2010\/10\/01\/8e-salon-professionnel-niort-freres\/\" class=\"more-link\">Continuer la lecture de <span class=\"screen-reader-text\">8e salon professionnel Niort Fr\u00e8res<\/span><\/a><\/p>\n","protected":false},"author":1,"featured_media":0,"comment_status":"open","ping_status":"open","sticky":false,"template":"","format":"standard","meta":{"footnotes":""},"categories":[8],"tags":[],"_links":{"self":[{"href":"https:\/\/expotec103.fr\/index.php\/wp-json\/wp\/v2\/posts\/488"}],"collection":[{"href":"https:\/\/expotec103.fr\/index.php\/wp-json\/wp\/v2\/posts"}],"about":[{"href":"https:\/\/expotec103.fr\/index.php\/wp-json\/wp\/v2\/types\/post"}],"author":[{"embeddable":true,"href":"https:\/\/expotec103.fr\/index.php\/wp-json\/wp\/v2\/users\/1"}],"replies":[{"embeddable":true,"href":"https:\/\/expotec103.fr\/index.php\/wp-json\/wp\/v2\/comments?post=488"}],"version-history":[{"count":0,"href":"https:\/\/expotec103.fr\/index.php\/wp-json\/wp\/v2\/posts\/488\/revisions"}],"wp:attachment":[{"href":"https:\/\/expotec103.fr\/index.php\/wp-json\/wp\/v2\/media?parent=488"}],"wp:term":[{"taxonomy":"category","embeddable":true,"href":"https:\/\/expotec103.fr\/index.php\/wp-json\/wp\/v2\/categories?post=488"},{"taxonomy":"post_tag","embeddable":true,"href":"https:\/\/expotec103.fr\/index.php\/wp-json\/wp\/v2\/tags?post=488"}],"curies":[{"name":"wp","href":"https:\/\/api.w.org\/{rel}","templated":true}]}}