{"id":493,"date":"2010-10-01T07:24:30","date_gmt":"2010-10-01T06:24:30","guid":{"rendered":"http:\/\/www.expotec103.com\/?p=493"},"modified":"2010-10-01T07:24:30","modified_gmt":"2010-10-01T06:24:30","slug":"pas-de-pain-cette-semaine","status":"publish","type":"post","link":"https:\/\/expotec103.fr\/index.php\/2010\/10\/01\/pas-de-pain-cette-semaine\/","title":{"rendered":"Pas de pain cette semaine"},"content":{"rendered":"<p>Il n\u2019y aura pas de vente de pain au four banal de la Pannevert vendredi 1er octobre, notre boulanger ne pouvant malheureusement pas assurer les fourn\u00e9es.<\/p>\n<p>Si vous \u00eates ou connaissez un(e) boulanger(\u00e8re) \u00e0 la retraite et int\u00e9ress\u00e9(e) pour faire b\u00e9n\u00e9volement du pain dans un four traditionnel, vous pouvez nous contacter au 06 29 63 97 25. Le travail est toujours plus int\u00e9ressant \u00e0 plusieurs.<\/p>\n","protected":false},"excerpt":{"rendered":"<p>Il n\u2019y aura pas de vente de pain au four banal de la Pannevert vendredi 1er octobre, notre boulanger ne pouvant malheureusement pas assurer les fourn\u00e9es. Si vous \u00eates ou connaissez un(e) boulanger(\u00e8re) \u00e0 la retraite et int\u00e9ress\u00e9(e) pour faire b\u00e9n\u00e9volement du pain dans un four traditionnel, vous pouvez nous contacter au 06 29 63 &hellip; <a href=\"https:\/\/expotec103.fr\/index.php\/2010\/10\/01\/pas-de-pain-cette-semaine\/\" class=\"more-link\">Continuer la lecture de <span class=\"screen-reader-text\">Pas de pain cette semaine<\/span><\/a><\/p>\n","protected":false},"author":1,"featured_media":0,"comment_status":"open","ping_status":"open","sticky":false,"template":"","format":"standard","meta":{"footnotes":""},"categories":[5],"tags":[66,156,238,330],"_links":{"self":[{"href":"https:\/\/expotec103.fr\/index.php\/wp-json\/wp\/v2\/posts\/493"}],"collection":[{"href":"https:\/\/expotec103.fr\/index.php\/wp-json\/wp\/v2\/posts"}],"about":[{"href":"https:\/\/expotec103.fr\/index.php\/wp-json\/wp\/v2\/types\/post"}],"author":[{"embeddable":true,"href":"https:\/\/expotec103.fr\/index.php\/wp-json\/wp\/v2\/users\/1"}],"replies":[{"embeddable":true,"href":"https:\/\/expotec103.fr\/index.php\/wp-json\/wp\/v2\/comments?post=493"}],"version-history":[{"count":0,"href":"https:\/\/expotec103.fr\/index.php\/wp-json\/wp\/v2\/posts\/493\/revisions"}],"wp:attachment":[{"href":"https:\/\/expotec103.fr\/index.php\/wp-json\/wp\/v2\/media?parent=493"}],"wp:term":[{"taxonomy":"category","embeddable":true,"href":"https:\/\/expotec103.fr\/index.php\/wp-json\/wp\/v2\/categories?post=493"},{"taxonomy":"post_tag","embeddable":true,"href":"https:\/\/expotec103.fr\/index.php\/wp-json\/wp\/v2\/tags?post=493"}],"curies":[{"name":"wp","href":"https:\/\/api.w.org\/{rel}","templated":true}]}}