{"id":495,"date":"2010-10-03T09:28:48","date_gmt":"2010-10-03T08:28:48","guid":{"rendered":"http:\/\/www.expotec103.com\/?p=495"},"modified":"2010-10-03T09:28:48","modified_gmt":"2010-10-03T08:28:48","slug":"souvenirs-du-salon-professionnel-niort","status":"publish","type":"post","link":"https:\/\/expotec103.fr\/index.php\/2010\/10\/03\/souvenirs-du-salon-professionnel-niort\/","title":{"rendered":"Souvenirs du salon professionnel Niort"},"content":{"rendered":"<p>Encore un retour du salon professionnel Niort !<\/p>\n<p>Comme vous pouvez vous en apercevoir sur la photo ci-dessous,\u00a0 le salon a accueilli pas mal de visiteurs.<\/p>\n<figure style=\"width: 500px\" class=\"wp-caption aligncenter\"><a title=\"8e salon professionnel Niort Fr\u00e8res de zigazou76, sur Flickr\" href=\"http:\/\/www.flickr.com\/photos\/zigazou76\/5046731106\/\"><img loading=\"lazy\" decoding=\"async\" title=\"Des all\u00e9es pleines !\" src=\"http:\/\/farm5.static.flickr.com\/4107\/5046731106_5b45d29884.jpg\" alt=\"Des all\u00e9es pleines !\" width=\"500\" height=\"336\" \/><\/a><figcaption class=\"wp-caption-text\">Des all\u00e9es pleines !<\/figcaption><\/figure>\n<p>Nous \u00e9tions heureusement plac\u00e9 dans un espace plus grand, moins passager mais imm\u00e9diatement visible d\u00e8s l\u2019entr\u00e9e. Cela nous a permis de recevoir un flux r\u00e9gulier de visiteurs qui terminaient leur visite et en profitaient pour se d\u00e9tendre. Le contact n\u2019en a \u00e9t\u00e9 que plus plaisant et plus constructif.<\/p>\n<p>Le moteur Mustad en a surpris plus d\u2019un ! S\u2019il n\u2019est pas \u00e9vident d\u2019expliquer l\u2019originalit\u00e9 de ce type de moteur \u00e0 un public non initi\u00e9, il a rapidement attir\u00e9 l\u2019attention du public du salon.<\/p>\n<figure style=\"width: 500px\" class=\"wp-caption aligncenter\"><a title=\"Exposition au 8e salon professionnel Niort Fr\u00e8res de zigazou76, sur Flickr\" href=\"http:\/\/www.flickr.com\/photos\/zigazou76\/5044422580\/\"><img loading=\"lazy\" decoding=\"async\" title=\"Pr\u00e9sentation du moteur Mustad\" src=\"http:\/\/farm5.static.flickr.com\/4151\/5044422580_e2378379da.jpg\" alt=\"Pr\u00e9sentation du moteur Mustad\" width=\"500\" height=\"336\" \/><\/a><figcaption class=\"wp-caption-text\">Pr\u00e9sentation du moteur Mustad<\/figcaption><\/figure>\n<p>La locomobile Merlin n\u2019\u00e9tait pas en reste. Un coup de sifflet, quelques tours du volant d\u2019inertie et immanquablement un public se formait autour.<\/p>\n<figure style=\"width: 500px\" class=\"wp-caption aligncenter\"><a title=\"Exposition au 8e salon professionnel Niort Fr\u00e8res de zigazou76, sur Flickr\" href=\"http:\/\/www.flickr.com\/photos\/zigazou76\/5044451276\/\"><img loading=\"lazy\" decoding=\"async\" title=\"La locomobile Merlin\" src=\"http:\/\/farm5.static.flickr.com\/4133\/5044451276_128f7902a9.jpg\" alt=\"La locomobile Merlin\" width=\"500\" height=\"336\" \/><\/a><figcaption class=\"wp-caption-text\">La locomobile Merlin<\/figcaption><\/figure>\n<p>Nous \u00e9tions plac\u00e9s juste \u00e0 c\u00f4t\u00e9 d\u2019un tracteur 4\u00d74 Latil de 1914 dont l\u2019avertisseur faisait de la concurrence au sifflet de la Merlin. Plus de 4 tonnes \u00e0 vide et 21 tonnes \u00e0 plein !<\/p>\n<figure style=\"width: 500px\" class=\"wp-caption aligncenter\"><a title=\"Tracteur Latil 4\u00d74 de 1914 de zigazou76, sur Flickr\" href=\"http:\/\/www.flickr.com\/photos\/zigazou76\/5041256194\/\"><img loading=\"lazy\" decoding=\"async\" title=\"Tracteur Latil 4\u00d74 de 1914\" src=\"http:\/\/farm5.static.flickr.com\/4111\/5041256194_793fa49fe6.jpg\" alt=\"Tracteur Latil 4\u00d74 de 1914\" width=\"500\" height=\"336\" \/><\/a><figcaption class=\"wp-caption-text\">Tracteur Latil 4\u00d74 de 1914<\/figcaption><\/figure>\n<p>Pour se remettre dans l\u2019ambiance, voici l\u2019album photo des 2 jours :<\/p>\n<p style=\"text-align: center;\"><object classid=\"clsid:d27cdb6e-ae6d-11cf-96b8-444553540000\" width=\"500\" height=\"333\" codebase=\"http:\/\/download.macromedia.com\/pub\/shockwave\/cabs\/flash\/swflash.cab#version=6,0,40,0\"><param name=\"flashvars\" value=\"offsite=true&amp;lang=fr-fr&amp;page_show_url=%2Fphotos%2Fzigazou76%2Fsets%2F72157625079309580%2Fshow%2F&amp;page_show_back_url=%2Fphotos%2Fzigazou76%2Fsets%2F72157625079309580%2F&amp;set_id=72157625079309580&amp;jump_to=\" \/><param name=\"allowFullScreen\" value=\"true\" \/><param name=\"src\" value=\"http:\/\/www.flickr.com\/apps\/slideshow\/show.swf?v=71649\" \/><param name=\"allowfullscreen\" value=\"true\" \/><embed type=\"application\/x-shockwave-flash\" width=\"500\" height=\"333\" src=\"http:\/\/www.flickr.com\/apps\/slideshow\/show.swf?v=71649\" allowfullscreen=\"true\" flashvars=\"offsite=true&amp;lang=fr-fr&amp;page_show_url=%2Fphotos%2Fzigazou76%2Fsets%2F72157625079309580%2Fshow%2F&amp;page_show_back_url=%2Fphotos%2Fzigazou76%2Fsets%2F72157625079309580%2F&amp;set_id=72157625079309580&amp;jump_to=\"><\/embed><\/object><\/p>\n","protected":false},"excerpt":{"rendered":"<p>Encore un retour du salon professionnel Niort ! Comme vous pouvez vous en apercevoir sur la photo ci-dessous,\u00a0 le salon a accueilli pas mal de visiteurs. Nous \u00e9tions heureusement plac\u00e9 dans un espace plus grand, moins passager mais imm\u00e9diatement visible d\u00e8s l\u2019entr\u00e9e. Cela nous a permis de recevoir un flux r\u00e9gulier de visiteurs qui terminaient &hellip; <a href=\"https:\/\/expotec103.fr\/index.php\/2010\/10\/03\/souvenirs-du-salon-professionnel-niort\/\" class=\"more-link\">Continuer la lecture de <span class=\"screen-reader-text\">Souvenirs du salon professionnel Niort<\/span><\/a><\/p>\n","protected":false},"author":1,"featured_media":0,"comment_status":"open","ping_status":"open","sticky":false,"template":"","format":"standard","meta":{"footnotes":""},"categories":[8],"tags":[161,200,226,230,266,294],"_links":{"self":[{"href":"https:\/\/expotec103.fr\/index.php\/wp-json\/wp\/v2\/posts\/495"}],"collection":[{"href":"https:\/\/expotec103.fr\/index.php\/wp-json\/wp\/v2\/posts"}],"about":[{"href":"https:\/\/expotec103.fr\/index.php\/wp-json\/wp\/v2\/types\/post"}],"author":[{"embeddable":true,"href":"https:\/\/expotec103.fr\/index.php\/wp-json\/wp\/v2\/users\/1"}],"replies":[{"embeddable":true,"href":"https:\/\/expotec103.fr\/index.php\/wp-json\/wp\/v2\/comments?post=495"}],"version-history":[{"count":0,"href":"https:\/\/expotec103.fr\/index.php\/wp-json\/wp\/v2\/posts\/495\/revisions"}],"wp:attachment":[{"href":"https:\/\/expotec103.fr\/index.php\/wp-json\/wp\/v2\/media?parent=495"}],"wp:term":[{"taxonomy":"category","embeddable":true,"href":"https:\/\/expotec103.fr\/index.php\/wp-json\/wp\/v2\/categories?post=495"},{"taxonomy":"post_tag","embeddable":true,"href":"https:\/\/expotec103.fr\/index.php\/wp-json\/wp\/v2\/tags?post=495"}],"curies":[{"name":"wp","href":"https:\/\/api.w.org\/{rel}","templated":true}]}}