{"id":510,"date":"2010-11-03T08:08:36","date_gmt":"2010-11-03T07:08:36","guid":{"rendered":"http:\/\/www.expotec103.com\/?p=510"},"modified":"2010-11-03T08:08:36","modified_gmt":"2010-11-03T07:08:36","slug":"reprise-de-la-vente-de-pain","status":"publish","type":"post","link":"https:\/\/expotec103.fr\/index.php\/2010\/11\/03\/reprise-de-la-vente-de-pain\/","title":{"rendered":"Reprise de la vente de pain"},"content":{"rendered":"<figure style=\"width: 240px\" class=\"wp-caption alignright\"><a title=\"Boules de pain de zigazou76, sur Flickr\" href=\"http:\/\/www.flickr.com\/photos\/zigazou76\/4372452754\/\"><img loading=\"lazy\" decoding=\"async\" title=\"Boule de pain\" src=\"http:\/\/farm5.static.flickr.com\/4021\/4372452754_0877af3154_m.jpg\" alt=\"Boule de pain\" width=\"240\" height=\"161\" \/><\/a><figcaption class=\"wp-caption-text\">Boule de pain<\/figcaption><\/figure>\n<p>Vendredi 5 novembre, apr\u00e8s 1 mois et demi d\u2019absence, Georges reprend la vente de pain au four banal de la Pannevert (esplanade de la Pannevert).<\/p>\n<p>Pourquoi une si longue absence ? Tout simplement parce que Georges, lors d\u2019une chute aux Journ\u00e9es du Patrimoine, s\u2019\u00e9tait cass\u00e9 le poignet.<\/p>\n<p>Il est d\u00e9sormais au top de sa forme et motiv\u00e9 plus que jamais \u00e0 faire de l\u2019excellent pain comme avant.<\/p>\n<p>\u00c0 partir de 17h et avec un prix unique de 3 \u20ac la pi\u00e8ce, vous retrouverez :<\/p>\n<ul>\n<li>du pain aux gra\u00eenes,<\/li>\n<li>du pain de campagne,<\/li>\n<li>de la brioche,<\/li>\n<li>peut-\u00eatre des chaussons aux pommes (avec des vraies pommes du pommier d\u2019Expotec).<\/li>\n<\/ul>\n<p>Le four banal de la Pannevert se situe au croisement de la rue des Petites-Eaux-de-Robec et de la rue de la Pannevert \u00e0 Rouen.<\/p>\n<p>[mappress] <\/p>\n","protected":false},"excerpt":{"rendered":"<p>Vendredi 5 novembre, apr\u00e8s 1 mois et demi d\u2019absence, Georges reprend la vente de pain au four banal de la Pannevert (esplanade de la Pannevert). Pourquoi une si longue absence ? Tout simplement parce que Georges, lors d\u2019une chute aux Journ\u00e9es du Patrimoine, s\u2019\u00e9tait cass\u00e9 le poignet. Il est d\u00e9sormais au top de sa forme &hellip; <a href=\"https:\/\/expotec103.fr\/index.php\/2010\/11\/03\/reprise-de-la-vente-de-pain\/\" class=\"more-link\">Continuer la lecture de <span class=\"screen-reader-text\">Reprise de la vente de pain<\/span><\/a><\/p>\n","protected":false},"author":1,"featured_media":0,"comment_status":"open","ping_status":"open","sticky":false,"template":"","format":"standard","meta":{"footnotes":""},"categories":[3,5],"tags":[],"_links":{"self":[{"href":"https:\/\/expotec103.fr\/index.php\/wp-json\/wp\/v2\/posts\/510"}],"collection":[{"href":"https:\/\/expotec103.fr\/index.php\/wp-json\/wp\/v2\/posts"}],"about":[{"href":"https:\/\/expotec103.fr\/index.php\/wp-json\/wp\/v2\/types\/post"}],"author":[{"embeddable":true,"href":"https:\/\/expotec103.fr\/index.php\/wp-json\/wp\/v2\/users\/1"}],"replies":[{"embeddable":true,"href":"https:\/\/expotec103.fr\/index.php\/wp-json\/wp\/v2\/comments?post=510"}],"version-history":[{"count":0,"href":"https:\/\/expotec103.fr\/index.php\/wp-json\/wp\/v2\/posts\/510\/revisions"}],"wp:attachment":[{"href":"https:\/\/expotec103.fr\/index.php\/wp-json\/wp\/v2\/media?parent=510"}],"wp:term":[{"taxonomy":"category","embeddable":true,"href":"https:\/\/expotec103.fr\/index.php\/wp-json\/wp\/v2\/categories?post=510"},{"taxonomy":"post_tag","embeddable":true,"href":"https:\/\/expotec103.fr\/index.php\/wp-json\/wp\/v2\/tags?post=510"}],"curies":[{"name":"wp","href":"https:\/\/api.w.org\/{rel}","templated":true}]}}