{"id":548,"date":"2010-11-28T07:54:11","date_gmt":"2010-11-28T06:54:11","guid":{"rendered":"http:\/\/www.expotec103.com\/?p=548"},"modified":"2010-11-28T07:54:11","modified_gmt":"2010-11-28T06:54:11","slug":"premiere-journee-de-la-saint-eloi-2010","status":"publish","type":"post","link":"https:\/\/expotec103.fr\/index.php\/2010\/11\/28\/premiere-journee-de-la-saint-eloi-2010\/","title":{"rendered":"Premi\u00e8re journ\u00e9e de la Saint-\u00c9loi 2010"},"content":{"rendered":"<p>Premi\u00e8re journ\u00e9e de la Saint-\u00c9loi, f\u00eate des forgerons au Moulin Saint-Gilles et d\u00e9j\u00e0 des images et une petite vid\u00e9o.<\/p>\n<p>L\u2019imprimerie Vall\u00e9e a aimablement mis \u00e0 disposition un emplacement pour notre banderolle nous offrant ainsi une excellente visibilit\u00e9 sur une route passag\u00e8re.<\/p>\n<figure style=\"width: 500px\" class=\"wp-caption aligncenter\"><a title=\"Banderolle annon\u00e7ant la f\u00eate des forgerons de zigazou76, sur Flickr\" href=\"http:\/\/www.flickr.com\/photos\/zigazou76\/5211908339\/\"><img loading=\"lazy\" decoding=\"async\" title=\"Banderolle annon\u00e7ant la f\u00eate des forgerons\" src=\"http:\/\/farm6.static.flickr.com\/5287\/5211908339_e78dc41ef9.jpg\" alt=\"Banderolle annon\u00e7ant la f\u00eate des forgerons\" width=\"500\" height=\"332\" \/><\/a><figcaption class=\"wp-caption-text\">Banderolle annon\u00e7ant la f\u00eate des forgerons<\/figcaption><\/figure>\n<p>La forge Mustad a tourn\u00e9 a plein toute l\u2019apr\u00e8s-midi et a passionn\u00e9 enfants et parents. D\u2019autant que notre forgeron n\u2019\u00e9tait pas avare d\u2019explications.<\/p>\n<figure style=\"width: 500px\" class=\"wp-caption aligncenter\"><a title=\"Joseph en pleine explication de zigazou76, sur Flickr\" href=\"http:\/\/www.flickr.com\/photos\/zigazou76\/5212516506\/\"><img loading=\"lazy\" decoding=\"async\" title=\"Joseph en pleine explication\" src=\"http:\/\/farm5.static.flickr.com\/4132\/5212516506_44cc5d22c2.jpg\" alt=\"Joseph en pleine explication\" width=\"500\" height=\"332\" \/><\/a><figcaption class=\"wp-caption-text\">Joseph en pleine explication devant la forge Mustad<\/figcaption><\/figure>\n<p>Jean-Pierre, le petit polisson, s\u2019en remettait \u00e0 la sagacit\u00e9 des visteurs pour trouver la r\u00e9ponse \u00e0 la devinette ci-dessous (le canard est un indice). Ce qui ne l\u2019emp\u00eachait pas d\u2019effectuer des d\u00e9monstrations de polissage.<\/p>\n<figure style=\"width: 332px\" class=\"wp-caption aligncenter\"><a title=\"Qu\u2019est-ce ? de zigazou76, sur Flickr\" href=\"http:\/\/www.flickr.com\/photos\/zigazou76\/5211914955\/\"><img loading=\"lazy\" decoding=\"async\" title=\"La devinette de Jean-Pierre\" src=\"http:\/\/farm6.static.flickr.com\/5123\/5211914955_d093f9078a.jpg\" alt=\"La devinette de Jean-Pierre\" width=\"332\" height=\"500\" \/><\/a><figcaption class=\"wp-caption-text\">La devinette de Jean-Pierre<\/figcaption><\/figure>\n<p>Pour celles et ceux qui ont brav\u00e9 le froid et l\u2019attente, le moulin Saint-Gilles prend une toute autre dimension avec l\u2019\u00e9clairage ad\u00e9quat (merci \u00e0 Cit\u00e9os!)<\/p>\n<figure style=\"width: 500px\" class=\"wp-caption aligncenter\"><a title=\"Roue \u00e0 aubes illumin\u00e9e de zigazou76, sur Flickr\" href=\"http:\/\/www.flickr.com\/photos\/zigazou76\/5211669135\/\"><img loading=\"lazy\" decoding=\"async\" title=\"Roue \u00e0 aubes illumin\u00e9e\" src=\"http:\/\/farm5.static.flickr.com\/4152\/5211669135_76e4fe078e.jpg\" alt=\"Roue \u00e0 aubes illumin\u00e9e\" width=\"500\" height=\"332\" \/><\/a><figcaption class=\"wp-caption-text\">Roue \u00e0 aubes illumin\u00e9e<\/figcaption><\/figure>\n<figure style=\"width: 500px\" class=\"wp-caption aligncenter\"><a title=\"Le lavoir et les trois grues de zigazou76, sur Flickr\" href=\"http:\/\/www.flickr.com\/photos\/zigazou76\/5212428176\/\"><img loading=\"lazy\" decoding=\"async\" title=\"Le lavoir et les trois grues\" src=\"http:\/\/farm6.static.flickr.com\/5165\/5212428176_6b916af259.jpg\" alt=\"Le lavoir et les trois grues\" width=\"500\" height=\"333\" \/><\/a><figcaption class=\"wp-caption-text\">Le lavoir et les trois grues de Marc Tiret<\/figcaption><\/figure>\n<p style=\"text-align: center;\">Enfin, voici une courte vid\u00e9o donnant un aper\u00e7u de cette premi\u00e8re journ\u00e9e :<\/p>\n<p style=\"text-align: center;\"><object classid=\"clsid:d27cdb6e-ae6d-11cf-96b8-444553540000\" width=\"500\" height=\"284\" codebase=\"http:\/\/download.macromedia.com\/pub\/shockwave\/cabs\/flash\/swflash.cab#version=6,0,40,0\"><param name=\"data\" value=\"http:\/\/www.flickr.com\/apps\/video\/stewart.swf?v=71377\" \/><param name=\"flashvars\" value=\"intl_lang=fr-fr&amp;photo_secret=3abe12692b&amp;photo_id=5212974936&amp;hd_default=false\" \/><param name=\"bgcolor\" value=\"#000000\" \/><param name=\"allowFullScreen\" value=\"true\" \/><param name=\"src\" value=\"http:\/\/www.flickr.com\/apps\/video\/stewart.swf?v=71377\" \/><param name=\"allowfullscreen\" value=\"true\" \/><embed type=\"application\/x-shockwave-flash\" width=\"500\" height=\"284\" src=\"http:\/\/www.flickr.com\/apps\/video\/stewart.swf?v=71377\" allowfullscreen=\"true\" bgcolor=\"#000000\" flashvars=\"intl_lang=fr-fr&amp;photo_secret=3abe12692b&amp;photo_id=5212974936&amp;hd_default=false\" data=\"http:\/\/www.flickr.com\/apps\/video\/stewart.swf?v=71377\"><\/embed><\/object><\/p>\n","protected":false},"excerpt":{"rendered":"<p>Premi\u00e8re journ\u00e9e de la Saint-\u00c9loi, f\u00eate des forgerons au Moulin Saint-Gilles et d\u00e9j\u00e0 des images et une petite vid\u00e9o. L\u2019imprimerie Vall\u00e9e a aimablement mis \u00e0 disposition un emplacement pour notre banderolle nous offrant ainsi une excellente visibilit\u00e9 sur une route passag\u00e8re. La forge Mustad a tourn\u00e9 a plein toute l\u2019apr\u00e8s-midi et a passionn\u00e9 enfants et &hellip; <a href=\"https:\/\/expotec103.fr\/index.php\/2010\/11\/28\/premiere-journee-de-la-saint-eloi-2010\/\" class=\"more-link\">Continuer la lecture de <span class=\"screen-reader-text\">Premi\u00e8re journ\u00e9e de la Saint-\u00c9loi 2010<\/span><\/a><\/p>\n","protected":false},"author":1,"featured_media":0,"comment_status":"open","ping_status":"open","sticky":false,"template":"","format":"standard","meta":{"footnotes":""},"categories":[8,9,21],"tags":[31,56,148,152,153,220,226,284,290,291],"_links":{"self":[{"href":"https:\/\/expotec103.fr\/index.php\/wp-json\/wp\/v2\/posts\/548"}],"collection":[{"href":"https:\/\/expotec103.fr\/index.php\/wp-json\/wp\/v2\/posts"}],"about":[{"href":"https:\/\/expotec103.fr\/index.php\/wp-json\/wp\/v2\/types\/post"}],"author":[{"embeddable":true,"href":"https:\/\/expotec103.fr\/index.php\/wp-json\/wp\/v2\/users\/1"}],"replies":[{"embeddable":true,"href":"https:\/\/expotec103.fr\/index.php\/wp-json\/wp\/v2\/comments?post=548"}],"version-history":[{"count":0,"href":"https:\/\/expotec103.fr\/index.php\/wp-json\/wp\/v2\/posts\/548\/revisions"}],"wp:attachment":[{"href":"https:\/\/expotec103.fr\/index.php\/wp-json\/wp\/v2\/media?parent=548"}],"wp:term":[{"taxonomy":"category","embeddable":true,"href":"https:\/\/expotec103.fr\/index.php\/wp-json\/wp\/v2\/categories?post=548"},{"taxonomy":"post_tag","embeddable":true,"href":"https:\/\/expotec103.fr\/index.php\/wp-json\/wp\/v2\/tags?post=548"}],"curies":[{"name":"wp","href":"https:\/\/api.w.org\/{rel}","templated":true}]}}