{"id":557,"date":"2010-11-29T08:45:31","date_gmt":"2010-11-29T07:45:31","guid":{"rendered":"http:\/\/www.expotec103.com\/?p=557"},"modified":"2010-11-29T08:45:31","modified_gmt":"2010-11-29T07:45:31","slug":"festival-du-livre-de-jeunesse-rouen-2010","status":"publish","type":"post","link":"https:\/\/expotec103.fr\/index.php\/2010\/11\/29\/festival-du-livre-de-jeunesse-rouen-2010\/","title":{"rendered":"Festival du livre de jeunesse Rouen 2010"},"content":{"rendered":"<figure id=\"attachment_558\" aria-describedby=\"caption-attachment-558\" style=\"width: 150px\" class=\"wp-caption alignright\"><a href=\"http:\/\/www.festival-livre-rouen.fr\/\"><img loading=\"lazy\" decoding=\"async\" class=\"size-full wp-image-558\" title=\"Festival du livre de Jeunesse Rouen 2010\" src=\"http:\/\/www.expotec103.fr\/wp-content\/uploads\/2010\/11\/festivallivrejeunesse.png\" alt=\"Festival du livre de Jeunesse Rouen 2010\" width=\"150\" height=\"282\" \/><\/a><figcaption id=\"caption-attachment-558\" class=\"wp-caption-text\">Festival du livre de Jeunesse Rouen 2010<\/figcaption><\/figure>\n<p>\u00c0 peine sorti de la Saint-\u00c9loi, le Centre d\u2019Histoire Sociale sera pr\u00e9sent au 28e Festival du livre de Jeunesse de Rouen les 3, 4 et 5 d\u00e9cembre 2010 sur le quai Jean-Moulin.<\/p>\n<p>De fa\u00e7on non exhaustive, y seront pr\u00e9sent\u00e9s :<\/p>\n<ul>\n<li>une s\u00e9lection, en rapport avec le festival, de marque-pages de la collection personnelle de Jocelyne,<\/li>\n<li>des compositions de vignettes et d\u00e9cors,<\/li>\n<li>des monogrammes,<\/li>\n<li>des gravures d\u2019\u00e9cole issues de la collection personnelle de Daniel,<\/li>\n<li>etc.<\/li>\n<\/ul>\n<p>Venez nous voir !<\/p>\n<p>Horaires d\u2019ouverture :<\/p>\n<ul>\n<li>vendredi 3 de 15h \u00e0 20h,<\/li>\n<li>samedi 4 de 9h \u00e0 19h,<\/li>\n<li>dimanche 5 de 10h \u00e0 19h.<\/li>\n<\/ul>\n<p>Gratuit jusqu\u2019\u00e0 samedi 13h, 3,50\u20ac pour le reste du week-end.<\/p>\n<figure style=\"width: 95px\" class=\"wp-caption alignleft\"><a title=\"lettres AI de zigazou76, sur Flickr\" href=\"http:\/\/www.flickr.com\/photos\/zigazou76\/5185866920\/\"><img loading=\"lazy\" decoding=\"async\" title=\"Monogramme\" src=\"http:\/\/farm2.static.flickr.com\/1411\/5185866920_c07b5824e6_t.jpg\" alt=\"Monogramme\" width=\"95\" height=\"100\" \/><\/a><figcaption class=\"wp-caption-text\">Monogramme<\/figcaption><\/figure>\n<figure style=\"width: 97px\" class=\"wp-caption alignleft\"><a title=\"lettres GV de zigazou76, sur Flickr\" href=\"http:\/\/www.flickr.com\/photos\/zigazou76\/5185265069\/\"><img loading=\"lazy\" decoding=\"async\" title=\"Monogramme\" src=\"http:\/\/farm5.static.flickr.com\/4145\/5185265069_53e7339468_t.jpg\" alt=\"Monogramme\" width=\"97\" height=\"100\" \/><\/a><figcaption class=\"wp-caption-text\">Monogramme<\/figcaption><\/figure>\n<figure style=\"width: 93px\" class=\"wp-caption alignleft\"><a title=\"lettres BS de zigazou76, sur Flickr\" href=\"http:\/\/www.flickr.com\/photos\/zigazou76\/5185866550\/\"><img loading=\"lazy\" decoding=\"async\" title=\"Monogramme\" src=\"http:\/\/farm2.static.flickr.com\/1400\/5185866550_7d40b9b179_t.jpg\" alt=\"Monogramme\" width=\"93\" height=\"100\" \/><\/a><figcaption class=\"wp-caption-text\">Monogramme<\/figcaption><\/figure>\n<p style=\"text-align: center;\">[mappress]<\/p>\n","protected":false},"excerpt":{"rendered":"<p>\u00c0 peine sorti de la Saint-\u00c9loi, le Centre d\u2019Histoire Sociale sera pr\u00e9sent au 28e Festival du livre de Jeunesse de Rouen les 3, 4 et 5 d\u00e9cembre 2010 sur le quai Jean-Moulin. De fa\u00e7on non exhaustive, y seront pr\u00e9sent\u00e9s : une s\u00e9lection, en rapport avec le festival, de marque-pages de la collection personnelle de Jocelyne, &hellip; <a href=\"https:\/\/expotec103.fr\/index.php\/2010\/11\/29\/festival-du-livre-de-jeunesse-rouen-2010\/\" class=\"more-link\">Continuer la lecture de <span class=\"screen-reader-text\">Festival du livre de jeunesse Rouen 2010<\/span><\/a><\/p>\n","protected":false},"author":1,"featured_media":0,"comment_status":"open","ping_status":"open","sticky":false,"template":"","format":"standard","meta":{"footnotes":""},"categories":[3,10],"tags":[147,174,186,197,283,322],"_links":{"self":[{"href":"https:\/\/expotec103.fr\/index.php\/wp-json\/wp\/v2\/posts\/557"}],"collection":[{"href":"https:\/\/expotec103.fr\/index.php\/wp-json\/wp\/v2\/posts"}],"about":[{"href":"https:\/\/expotec103.fr\/index.php\/wp-json\/wp\/v2\/types\/post"}],"author":[{"embeddable":true,"href":"https:\/\/expotec103.fr\/index.php\/wp-json\/wp\/v2\/users\/1"}],"replies":[{"embeddable":true,"href":"https:\/\/expotec103.fr\/index.php\/wp-json\/wp\/v2\/comments?post=557"}],"version-history":[{"count":0,"href":"https:\/\/expotec103.fr\/index.php\/wp-json\/wp\/v2\/posts\/557\/revisions"}],"wp:attachment":[{"href":"https:\/\/expotec103.fr\/index.php\/wp-json\/wp\/v2\/media?parent=557"}],"wp:term":[{"taxonomy":"category","embeddable":true,"href":"https:\/\/expotec103.fr\/index.php\/wp-json\/wp\/v2\/categories?post=557"},{"taxonomy":"post_tag","embeddable":true,"href":"https:\/\/expotec103.fr\/index.php\/wp-json\/wp\/v2\/tags?post=557"}],"curies":[{"name":"wp","href":"https:\/\/api.w.org\/{rel}","templated":true}]}}