{"id":567,"date":"2010-12-04T08:09:40","date_gmt":"2010-12-04T07:09:40","guid":{"rendered":"http:\/\/www.expotec103.com\/?p=567"},"modified":"2010-12-04T08:09:40","modified_gmt":"2010-12-04T07:09:40","slug":"premiere-journee-du-festival-du-livre-de-jeunesse-2010","status":"publish","type":"post","link":"https:\/\/expotec103.fr\/index.php\/2010\/12\/04\/premiere-journee-du-festival-du-livre-de-jeunesse-2010\/","title":{"rendered":"Premi\u00e8re journ\u00e9e du Festival du livre de Jeunesse 2010"},"content":{"rendered":"<p>Premi\u00e8re journ\u00e9e sur le Festival du livre de Jeunesse 2010.<\/p>\n<figure style=\"width: 500px\" class=\"wp-caption aligncenter\"><a title=\"Mascotte du festival de zigazou76, sur Flickr\" href=\"http:\/\/www.flickr.com\/photos\/zigazou76\/5231005964\/\"><img loading=\"lazy\" decoding=\"async\" title=\"Mascotte du festival\" src=\"http:\/\/farm6.static.flickr.com\/5282\/5231005964_7279b2eda1.jpg\" alt=\"Mascotte du festival\" width=\"500\" height=\"333\" \/><\/a><figcaption class=\"wp-caption-text\">Mascotte du festival<\/figcaption><\/figure>\n<p>L\u2019installation du stand aura dur\u00e9\u00a0 toute la matin\u00e9e. Pas de machine pour les d\u00e9monstrations et heureusement : le stand est d\u00e9j\u00e0 bien occup\u00e9 au moindre visiteur.<\/p>\n<figure style=\"width: 500px\" class=\"wp-caption aligncenter\"><a title=\"Stand CHS de zigazou76, sur Flickr\" href=\"http:\/\/www.flickr.com\/photos\/zigazou76\/5229332129\/\"><img loading=\"lazy\" decoding=\"async\" title=\"Stand CHS\" src=\"http:\/\/farm6.static.flickr.com\/5082\/5229332129_943f85da01.jpg\" alt=\"Stand CHS\" width=\"500\" height=\"333\" \/><\/a><figcaption class=\"wp-caption-text\">Stand CHS<\/figcaption><\/figure>\n<p>Une bonne id\u00e9e de Laurent : les caract\u00e8res d\u2019affiche que tout le monde peut toucher et manipuler.<\/p>\n<figure style=\"width: 500px\" class=\"wp-caption aligncenter\"><a title=\"Stand CHS de zigazou76, sur Flickr\" href=\"http:\/\/www.flickr.com\/photos\/zigazou76\/5229332125\/\"><img loading=\"lazy\" decoding=\"async\" title=\"Stand CHS\" src=\"http:\/\/farm6.static.flickr.com\/5050\/5229332125_f55025cfa7.jpg\" alt=\"Stand CHS\" width=\"500\" height=\"333\" \/><\/a><figcaption class=\"wp-caption-text\">Stand CHS<\/figcaption><\/figure>\n<p>Le marque-page \u00e0 t\u00eate de chat de Jocelyne attire fortement le regard mais l\u2019\u0153il averti des jeunes les aide \u00e0 trouver instantan\u00e9ment celui d\u2019Arthur, le personnage de Luc Besson.<\/p>\n<figure style=\"width: 333px\" class=\"wp-caption aligncenter\"><a title=\"Exposition de marque-pages de zigazou76, sur Flickr\" href=\"http:\/\/www.flickr.com\/photos\/zigazou76\/5230414997\/\"><img loading=\"lazy\" decoding=\"async\" title=\"Exposition de marque-pages\" src=\"http:\/\/farm6.static.flickr.com\/5202\/5230414997_1799ff54c9.jpg\" alt=\"Exposition de marque-pages\" width=\"333\" height=\"500\" \/><\/a><figcaption class=\"wp-caption-text\">Exposition de marque-pages<\/figcaption><\/figure>\n","protected":false},"excerpt":{"rendered":"<p>Premi\u00e8re journ\u00e9e sur le Festival du livre de Jeunesse 2010. L\u2019installation du stand aura dur\u00e9\u00a0 toute la matin\u00e9e. Pas de machine pour les d\u00e9monstrations et heureusement : le stand est d\u00e9j\u00e0 bien occup\u00e9 au moindre visiteur. Une bonne id\u00e9e de Laurent : les caract\u00e8res d\u2019affiche que tout le monde peut toucher et manipuler. Le marque-page &hellip; <a href=\"https:\/\/expotec103.fr\/index.php\/2010\/12\/04\/premiere-journee-du-festival-du-livre-de-jeunesse-2010\/\" class=\"more-link\">Continuer la lecture de <span class=\"screen-reader-text\">Premi\u00e8re journ\u00e9e du Festival du livre de Jeunesse 2010<\/span><\/a><\/p>\n","protected":false},"author":1,"featured_media":0,"comment_status":"open","ping_status":"open","sticky":false,"template":"","format":"standard","meta":{"footnotes":""},"categories":[10,22],"tags":[144,147,174,183,186,197,268,304,322],"_links":{"self":[{"href":"https:\/\/expotec103.fr\/index.php\/wp-json\/wp\/v2\/posts\/567"}],"collection":[{"href":"https:\/\/expotec103.fr\/index.php\/wp-json\/wp\/v2\/posts"}],"about":[{"href":"https:\/\/expotec103.fr\/index.php\/wp-json\/wp\/v2\/types\/post"}],"author":[{"embeddable":true,"href":"https:\/\/expotec103.fr\/index.php\/wp-json\/wp\/v2\/users\/1"}],"replies":[{"embeddable":true,"href":"https:\/\/expotec103.fr\/index.php\/wp-json\/wp\/v2\/comments?post=567"}],"version-history":[{"count":0,"href":"https:\/\/expotec103.fr\/index.php\/wp-json\/wp\/v2\/posts\/567\/revisions"}],"wp:attachment":[{"href":"https:\/\/expotec103.fr\/index.php\/wp-json\/wp\/v2\/media?parent=567"}],"wp:term":[{"taxonomy":"category","embeddable":true,"href":"https:\/\/expotec103.fr\/index.php\/wp-json\/wp\/v2\/categories?post=567"},{"taxonomy":"post_tag","embeddable":true,"href":"https:\/\/expotec103.fr\/index.php\/wp-json\/wp\/v2\/tags?post=567"}],"curies":[{"name":"wp","href":"https:\/\/api.w.org\/{rel}","templated":true}]}}