{"id":594,"date":"2011-02-17T08:27:30","date_gmt":"2011-02-17T07:27:30","guid":{"rendered":"http:\/\/www.expotec103.com\/?p=594"},"modified":"2011-02-17T08:27:30","modified_gmt":"2011-02-17T07:27:30","slug":"le-chs-sur-rls","status":"publish","type":"post","link":"https:\/\/expotec103.fr\/index.php\/2011\/02\/17\/le-chs-sur-rls\/","title":{"rendered":"Le CHS sur RLS"},"content":{"rendered":"<figure id=\"attachment_595\" aria-describedby=\"caption-attachment-595\" style=\"width: 137px\" class=\"wp-caption alignright\"><a href=\"http:\/\/www.expotec103.fr\/wp-content\/uploads\/2011\/02\/logo_radiorls.png\"><img loading=\"lazy\" decoding=\"async\" class=\"size-full wp-image-595\" title=\"Radio La Sentinelle\" src=\"http:\/\/www.expotec103.fr\/wp-content\/uploads\/2011\/02\/logo_radiorls.png\" alt=\"Logo de la Radio La Sentinelle, 97.9, l\u2019autre radio\" width=\"137\" height=\"133\" \/><\/a><figcaption id=\"caption-attachment-595\" class=\"wp-caption-text\">Radio La Sentinelle<\/figcaption><\/figure>\n<p>Jeudi 17 f\u00e9vrier 2011 \u00e0 17h30, la Radio La Sentinelle (97.9) diffuse une interview du CHS. L\u2019occasion de revenir sur les missions et buts du CHS ainsi que sur le programme de l\u2019ann\u00e9e 2011.<\/p>\n<p>Pour \u00e9couter cette interview, plusieurs possibilit\u00e9s :<\/p>\n<ul>\n<li>r\u00e9gler son poste de radio sur 97.9 (si vous vous trouvez dans un rayon de 50 km autour de Rouen),<\/li>\n<li><a title=\"\u00c9couter la Radio La Sentinelle en ligne\" href=\"http:\/\/podcastream.info\/streamplayer\/RLS\/\">\u00e9couter RLS en ligne<\/a>,<\/li>\n<li>l\u2019interview sera mise en ligne prochainement sur le <a title=\"Site officiel de la Radio La Sentinelle\" href=\"http:\/\/www.radiorls.fr\/\">site de la radio<\/a> \u00e0 la <a title=\"Page des interviews de la Radio La Sentinelle\" href=\"http:\/\/www.radiorls.fr\/index.php?option=com_content&amp;view=article&amp;id=121&amp;Itemid=110\">page des interviews<\/a>.<\/li>\n<\/ul>\n<p>La page des interviews est \u00e9galement l\u2019occasion de d\u00e9couvrir d\u2019autres associations de Rouen !<\/p>\n<p>L\u2019enregistrement a eu lieu le mercredi 16 f\u00e9vrier. Le CHS a \u00e9t\u00e9 re\u00e7u par Jocelyne Trollait, responsable d\u2019antenne, et l\u2019interview a \u00e9t\u00e9 men\u00e9e par Samuel Guerrier, animateur \u00e0 RLS.<\/p>\n<p>L\u2019association tient \u00e0 remercier la Radio La Sentinelle pour son accueil et pour lui avoir donn\u00e9 l\u2019occasion de s\u2019exprimer.<\/p>\n","protected":false},"excerpt":{"rendered":"<p>Jeudi 17 f\u00e9vrier 2011 \u00e0 17h30, la Radio La Sentinelle (97.9) diffuse une interview du CHS. L\u2019occasion de revenir sur les missions et buts du CHS ainsi que sur le programme de l\u2019ann\u00e9e 2011. Pour \u00e9couter cette interview, plusieurs possibilit\u00e9s : r\u00e9gler son poste de radio sur 97.9 (si vous vous trouvez dans un rayon &hellip; <a href=\"https:\/\/expotec103.fr\/index.php\/2011\/02\/17\/le-chs-sur-rls\/\" class=\"more-link\">Continuer la lecture de <span class=\"screen-reader-text\">Le CHS sur RLS<\/span><\/a><\/p>\n","protected":false},"author":1,"featured_media":0,"comment_status":"closed","ping_status":"closed","sticky":false,"template":"","format":"standard","meta":{"footnotes":""},"categories":[3],"tags":[],"_links":{"self":[{"href":"https:\/\/expotec103.fr\/index.php\/wp-json\/wp\/v2\/posts\/594"}],"collection":[{"href":"https:\/\/expotec103.fr\/index.php\/wp-json\/wp\/v2\/posts"}],"about":[{"href":"https:\/\/expotec103.fr\/index.php\/wp-json\/wp\/v2\/types\/post"}],"author":[{"embeddable":true,"href":"https:\/\/expotec103.fr\/index.php\/wp-json\/wp\/v2\/users\/1"}],"replies":[{"embeddable":true,"href":"https:\/\/expotec103.fr\/index.php\/wp-json\/wp\/v2\/comments?post=594"}],"version-history":[{"count":0,"href":"https:\/\/expotec103.fr\/index.php\/wp-json\/wp\/v2\/posts\/594\/revisions"}],"wp:attachment":[{"href":"https:\/\/expotec103.fr\/index.php\/wp-json\/wp\/v2\/media?parent=594"}],"wp:term":[{"taxonomy":"category","embeddable":true,"href":"https:\/\/expotec103.fr\/index.php\/wp-json\/wp\/v2\/categories?post=594"},{"taxonomy":"post_tag","embeddable":true,"href":"https:\/\/expotec103.fr\/index.php\/wp-json\/wp\/v2\/tags?post=594"}],"curies":[{"name":"wp","href":"https:\/\/api.w.org\/{rel}","templated":true}]}}