{"id":599,"date":"2011-02-19T08:36:22","date_gmt":"2011-02-19T07:36:22","guid":{"rendered":"http:\/\/www.expotec103.com\/?p=599"},"modified":"2011-02-19T08:36:22","modified_gmt":"2011-02-19T07:36:22","slug":"programme-2011","status":"publish","type":"post","link":"https:\/\/expotec103.fr\/index.php\/2011\/02\/19\/programme-2011\/","title":{"rendered":"Programme 2011"},"content":{"rendered":"<p>Pour vous pr\u00e9parer \u00e0 toutes les activit\u00e9s du CHS, voici le programme 2011 !<\/p>\n<h2>Ouverture du moulin Saint-Gilles<\/h2>\n<p>Ouverture au public les 1er et 3e dimanche de chaque mois de 14h \u00e0 17h, de mars \u00e0 novembre, pour 1 \u20ac par personne :<\/p>\n<ul>\n<li>6 et 20 mars,<\/li>\n<li>17 avril (le 3 avril \u00e9tant ouvert pour l\u2019inauguration du m\u00e9tier \u00e0 tisser),<\/li>\n<li>1er et 15 mai,<\/li>\n<li>5 et 19 juin,<\/li>\n<li>3 et 17 juillet,<\/li>\n<li>7 et 21 ao\u00fbt,<\/li>\n<li>4 septembre (le 18 septembre \u00e9tant ouvert pour les Journ\u00e9es du Patrimoine),<\/li>\n<li>2 et 16 octobre,<\/li>\n<li>6 et 20 novembre.<\/li>\n<\/ul>\n<h2>Manifestations<\/h2>\n<p>L\u2019assocation organise ou participe \u00e0 plusieurs manifestations :<\/p>\n<ul>\n<li><strong>Inauguration du m\u00e9tier \u00e0 tisser<\/strong> de Darn\u00e9tal, le 3 avril (sous r\u00e9serve) au moulin Saint-Gilles,<\/li>\n<li><strong>Salon du livre ancien<\/strong>, les 8, 9 et 10 avril \u00e0 l\u2019abbatiale Saint-Ouen,<\/li>\n<li><strong>Saint-Jean-Porte-Latine, f\u00eate des imprimeurs<\/strong> sp\u00e9ciale lithographie, les 23 et 24 avril au moulin Saint-Gilles,<\/li>\n<li><strong>Saint-Honor\u00e9, f\u00eate des boulangers<\/strong>, les 14 et 15 mai sur l\u2019esplanade de la Pannevert,<\/li>\n<li><strong>Festival \u00c0 vous de lire<\/strong>, les 28 et 29 mai au moulin Saint-Gilles,<\/li>\n<li><strong>Les Journ\u00e9es du Patrimoine industriel<\/strong>, les 16, 17 et 18 septembre au moulin Saint-Gilles, sur l\u2019esplanade de la Pannevert et la route des Moulins,<\/li>\n<li><strong>Saint-\u00c9loi, f\u00eate des forgerons<\/strong> sp\u00e9ciale coutellerie, les 26 et 27 novembre au moulin Saint-Gilles,<\/li>\n<li><strong>Festival du Livre de Jeunesse<\/strong>, les 2, 3 et 4 d\u00e9cembre sur les quais bas rive gauche.<\/li>\n<\/ul>\n","protected":false},"excerpt":{"rendered":"<p>Pour vous pr\u00e9parer \u00e0 toutes les activit\u00e9s du CHS, voici le programme 2011 ! Ouverture du moulin Saint-Gilles Ouverture au public les 1er et 3e dimanche de chaque mois de 14h \u00e0 17h, de mars \u00e0 novembre, pour 1 \u20ac par personne : 6 et 20 mars, 17 avril (le 3 avril \u00e9tant ouvert pour &hellip; <a href=\"https:\/\/expotec103.fr\/index.php\/2011\/02\/19\/programme-2011\/\" class=\"more-link\">Continuer la lecture de <span class=\"screen-reader-text\">Programme 2011<\/span><\/a><\/p>\n","protected":false},"author":1,"featured_media":0,"comment_status":"closed","ping_status":"closed","sticky":false,"template":"","format":"standard","meta":{"footnotes":""},"categories":[3],"tags":[],"_links":{"self":[{"href":"https:\/\/expotec103.fr\/index.php\/wp-json\/wp\/v2\/posts\/599"}],"collection":[{"href":"https:\/\/expotec103.fr\/index.php\/wp-json\/wp\/v2\/posts"}],"about":[{"href":"https:\/\/expotec103.fr\/index.php\/wp-json\/wp\/v2\/types\/post"}],"author":[{"embeddable":true,"href":"https:\/\/expotec103.fr\/index.php\/wp-json\/wp\/v2\/users\/1"}],"replies":[{"embeddable":true,"href":"https:\/\/expotec103.fr\/index.php\/wp-json\/wp\/v2\/comments?post=599"}],"version-history":[{"count":0,"href":"https:\/\/expotec103.fr\/index.php\/wp-json\/wp\/v2\/posts\/599\/revisions"}],"wp:attachment":[{"href":"https:\/\/expotec103.fr\/index.php\/wp-json\/wp\/v2\/media?parent=599"}],"wp:term":[{"taxonomy":"category","embeddable":true,"href":"https:\/\/expotec103.fr\/index.php\/wp-json\/wp\/v2\/categories?post=599"},{"taxonomy":"post_tag","embeddable":true,"href":"https:\/\/expotec103.fr\/index.php\/wp-json\/wp\/v2\/tags?post=599"}],"curies":[{"name":"wp","href":"https:\/\/api.w.org\/{rel}","templated":true}]}}