{"id":602,"date":"2011-03-08T19:52:48","date_gmt":"2011-03-08T18:52:48","guid":{"rendered":"http:\/\/www.expotec103.com\/?p=602"},"modified":"2011-03-08T19:52:48","modified_gmt":"2011-03-08T18:52:48","slug":"des-nouvelles-du-front","status":"publish","type":"post","link":"https:\/\/expotec103.fr\/index.php\/2011\/03\/08\/des-nouvelles-du-front\/","title":{"rendered":"Des nouvelles du front"},"content":{"rendered":"<p>Peu de nouvelles ces derniers temps et pourtant beaucoup \u00e0 dire !<\/p>\n<p>Tout d\u2019abord, le Centre d\u2019Histoire Sociale a accueilli le jeudi 17 f\u00e9vrier 2011 <strong>Didier Marie<\/strong>, Pr\u00e9sident du Conseil G\u00e9n\u00e9ral de Seine-Maritime, et <strong>Val\u00e9rie Fourneyron<\/strong>, D\u00e9put\u00e9e Maire de Rouen. Ils \u00e9taient accompagn\u00e9s de <strong>Michel B\u00e9r\u00e9govoy<\/strong>, Vice-Pr\u00e9sident du Conseil G\u00e9n\u00e9ral de Seine-Maritime, <strong>Nicole Rimasson<\/strong>, Conseill\u00e8re G\u00e9n\u00e9rale de Seine-Maritime et Maire de Saint-L\u00e9ger-du-Bourg-Denis, et <strong>Ludovic Delesque<\/strong>, Conseiller Municipal D\u00e9l\u00e9gu\u00e9 de Rouen.<\/p>\n<figure style=\"width: 500px\" class=\"wp-caption aligncenter\"><a title=\"Didier Marie et Val\u00e9rie Fourneyron en visite au moulin Saint-Gilles de zigazou76, sur Flickr\" href=\"http:\/\/www.flickr.com\/photos\/zigazou76\/5509915014\/\"><img loading=\"lazy\" decoding=\"async\" title=\"Les \u00c9lus en visite au Moulin Saint-Gilles\" src=\"http:\/\/farm6.static.flickr.com\/5178\/5509915014_17de878028.jpg\" alt=\"Didier Marie et Val\u00e9rie Fourneyron en visite au moulin Saint-Gilles\" width=\"500\" height=\"333\" \/><\/a><figcaption class=\"wp-caption-text\">Didier Marie, Michel B\u00e9r\u00e9govoy, Ludovic Delesque et Val\u00e9rie Fourneyron<\/figcaption><\/figure>\n<p>Le mercredi 23 f\u00e9vrier 2011, le CHS rendait visite \u00e0 <strong>Christian H\u00e9rail<\/strong>, Pr\u00e9sident de la CCI de Rouen.<\/p>\n<p>Le mardi 8 mars 2011, nous recevions la visite de la Ville de Rouen en les personnes de <strong>Sonia Leplat<\/strong>, Coordinatrice de la politique culturelle et associative, et de <strong>Sabine Delanes<\/strong>, Animatrice du patrimoine.<\/p>\n<p>Pour les prochaines manifestations, les b\u00e9n\u00e9voles du CHS travaillent d\u2019arrache-pied depuis plusieurs mois pour am\u00e9nager le Moulin Saint-Gilles en vue des deux prochains \u00e9v\u00e9nements : la r\u00e9ception d\u2019un m\u00e9tier \u00e0 tisser confi\u00e9 par la Ville de Darn\u00e9tal et la Saint-Jean-Porte-Latine, f\u00eate des imprimeurs.<\/p>\n<p>\u00c0 l\u2019occasion du premier \u00e9v\u00e9nement, le CHS a transf\u00e9r\u00e9 les machines textiles qui se trouvaient dans la salle des machines-outils pour les installer dans la salle verte.<\/p>\n<figure style=\"width: 500px\" class=\"wp-caption aligncenter\"><a title=\"Am\u00e9nagement de la salle verte de zigazou76, sur Flickr\" href=\"http:\/\/www.flickr.com\/photos\/zigazou76\/5509915032\/\"><img loading=\"lazy\" decoding=\"async\" title=\"Am\u00e9nagement de la salle verte\" src=\"http:\/\/farm6.static.flickr.com\/5093\/5509915032_a7d4e4fa52.jpg\" alt=\"Am\u00e9nagement de la salle verte\" width=\"500\" height=\"333\" \/><\/a><figcaption class=\"wp-caption-text\">Am\u00e9nagement de la salle verte<\/figcaption><\/figure>\n<p>L\u2019espace laiss\u00e9 vacant par les machines textiles a \u00e9t\u00e9 repeint en rouge par les jeunes de la MJC Grieu et pourra accueillir des machines-outils afin d\u2019augmenter l\u2019espace entre elles.<\/p>\n<figure style=\"width: 500px\" class=\"wp-caption aligncenter\"><a title=\"Salle des machines-outils de zigazou76, sur Flickr\" href=\"http:\/\/www.flickr.com\/photos\/zigazou76\/5509915046\/\"><img loading=\"lazy\" decoding=\"async\" title=\"Salle des machines-outils\" src=\"http:\/\/farm6.static.flickr.com\/5136\/5509915046_58995fbe34.jpg\" alt=\"Salle des machines-outils\" width=\"500\" height=\"333\" \/><\/a><figcaption class=\"wp-caption-text\">Salle des machines-outils<\/figcaption><\/figure>\n<p>Pour la Saint-Jean-Porte-Latine, le CHS am\u00e9nage une pi\u00e8ce qui recevra une presse lithographique, elle aussi confi\u00e9e \u00e0 l\u2019association. La pi\u00e8ce recevra une verri\u00e8re afin d\u2019augmenter sa luminosit\u00e9 et d\u2019inciter les visiteurs \u00e0 l\u2019explorer.<\/p>\n<figure style=\"width: 500px\" class=\"wp-caption aligncenter\"><a title=\"Travaux d\u2019am\u00e9nagement de zigazou76, sur Flickr\" href=\"http:\/\/www.flickr.com\/photos\/zigazou76\/5509915038\/\"><img loading=\"lazy\" decoding=\"async\" title=\"Travaux d\u2019am\u00e9nagement\" src=\"http:\/\/farm6.static.flickr.com\/5051\/5509915038_fe7a4ba904.jpg\" alt=\"Travaux d\u2019am\u00e9nagement\" width=\"500\" height=\"333\" \/><\/a><figcaption class=\"wp-caption-text\">Travaux d\u2019am\u00e9nagement<\/figcaption><\/figure>\n<p>L\u2019atelier typograhique n\u2019est pas en reste avec un rangement en profondeur et l\u2019installation d\u2019une armoire pour la pr\u00e9sentation de caract\u00e8res bois ou plastique.<\/p>\n<figure style=\"width: 500px\" class=\"wp-caption aligncenter\"><a title=\"Organisation de l\u2019atelier typographique de zigazou76, sur Flickr\" href=\"http:\/\/www.flickr.com\/photos\/zigazou76\/5509915068\/\"><img loading=\"lazy\" decoding=\"async\" title=\"Organisation de l\u2019atelier typographique\" src=\"http:\/\/farm6.static.flickr.com\/5177\/5509915068_f0d6081dae.jpg\" alt=\"Organisation de l\u2019atelier typographique\" width=\"500\" height=\"333\" \/><\/a><figcaption class=\"wp-caption-text\">Organisation de l\u2019atelier typographique<\/figcaption><\/figure>\n","protected":false},"excerpt":{"rendered":"<p>Peu de nouvelles ces derniers temps et pourtant beaucoup \u00e0 dire ! Tout d\u2019abord, le Centre d\u2019Histoire Sociale a accueilli le jeudi 17 f\u00e9vrier 2011 Didier Marie, Pr\u00e9sident du Conseil G\u00e9n\u00e9ral de Seine-Maritime, et Val\u00e9rie Fourneyron, D\u00e9put\u00e9e Maire de Rouen. Ils \u00e9taient accompagn\u00e9s de Michel B\u00e9r\u00e9govoy, Vice-Pr\u00e9sident du Conseil G\u00e9n\u00e9ral de Seine-Maritime, Nicole Rimasson, Conseill\u00e8re &hellip; <a href=\"https:\/\/expotec103.fr\/index.php\/2011\/03\/08\/des-nouvelles-du-front\/\" class=\"more-link\">Continuer la lecture de <span class=\"screen-reader-text\">Des nouvelles du front<\/span><\/a><\/p>\n","protected":false},"author":1,"featured_media":0,"comment_status":"closed","ping_status":"closed","sticky":false,"template":"","format":"standard","meta":{"footnotes":""},"categories":[3,4,10,14],"tags":[43,261,319,332],"_links":{"self":[{"href":"https:\/\/expotec103.fr\/index.php\/wp-json\/wp\/v2\/posts\/602"}],"collection":[{"href":"https:\/\/expotec103.fr\/index.php\/wp-json\/wp\/v2\/posts"}],"about":[{"href":"https:\/\/expotec103.fr\/index.php\/wp-json\/wp\/v2\/types\/post"}],"author":[{"embeddable":true,"href":"https:\/\/expotec103.fr\/index.php\/wp-json\/wp\/v2\/users\/1"}],"replies":[{"embeddable":true,"href":"https:\/\/expotec103.fr\/index.php\/wp-json\/wp\/v2\/comments?post=602"}],"version-history":[{"count":0,"href":"https:\/\/expotec103.fr\/index.php\/wp-json\/wp\/v2\/posts\/602\/revisions"}],"wp:attachment":[{"href":"https:\/\/expotec103.fr\/index.php\/wp-json\/wp\/v2\/media?parent=602"}],"wp:term":[{"taxonomy":"category","embeddable":true,"href":"https:\/\/expotec103.fr\/index.php\/wp-json\/wp\/v2\/categories?post=602"},{"taxonomy":"post_tag","embeddable":true,"href":"https:\/\/expotec103.fr\/index.php\/wp-json\/wp\/v2\/tags?post=602"}],"curies":[{"name":"wp","href":"https:\/\/api.w.org\/{rel}","templated":true}]}}