{"id":629,"date":"2011-04-17T09:29:53","date_gmt":"2011-04-17T08:29:53","guid":{"rendered":"http:\/\/www.expotec103.com\/?p=629"},"modified":"2011-04-17T09:29:53","modified_gmt":"2011-04-17T08:29:53","slug":"fete-des-imprimeurs-2011-saint-jean-porte-latine","status":"publish","type":"post","link":"https:\/\/expotec103.fr\/index.php\/2011\/04\/17\/fete-des-imprimeurs-2011-saint-jean-porte-latine\/","title":{"rendered":"F\u00eate des imprimeurs 2011, Saint-Jean-Porte-Latine"},"content":{"rendered":"<figure style=\"width: 160px\" class=\"wp-caption alignright\"><a title=\"Marque-pages de zigazou76, sur Flickr\" href=\"http:\/\/www.flickr.com\/photos\/zigazou76\/5582849306\/\"><img loading=\"lazy\" decoding=\"async\" title=\"Marque-pages Saint-Jean-Porte-Latine, f\u00eate des imprimeurs\" src=\"http:\/\/farm6.static.flickr.com\/5258\/5582849306_8138ac8940_m.jpg\" alt=\"Marque-pages Saint-Jean-Porte-Latine, f\u00eate des imprimeurs\" width=\"160\" height=\"240\" \/><\/a><figcaption class=\"wp-caption-text\">Marque-pages Saint-Jean-Porte-Latine, f\u00eate des imprimeurs<\/figcaption><\/figure>\n<p>Samedi 23 et dimanche 24 avril 2011, le moulin Saint-Gilles vous ouvre ses portes pour la Saint-Jean-Porte-Latine, la f\u00eate des imprimeurs.<\/p>\n<p>Les horaires :<\/p>\n<ul>\n<li>samedi 23 avril, de 14h \u00e0 18h (verre de l\u2019amiti\u00e9 \u00e0 17h30),<\/li>\n<li>dimanche 24 avril, de 10h \u00e0 12h et de 14h \u00e0 18h.<\/li>\n<\/ul>\n<p>Au programme de ce week-end :<\/p>\n<ul>\n<li>mise en route de presse \u00e0 cylindre (~1930),<\/li>\n<li>d\u00e9monstration de presse \u00e0 bras Stanhope (fin XVIIIe),<\/li>\n<li>d\u00e9monstration de platine Heidelberg (~1950),<\/li>\n<li>d\u00e9monstration de Linotype,<\/li>\n<li>d\u00e9monstration de presse \u00e0 affiche,<\/li>\n<li>d\u00e9monstration de presse Minerve (mue \u00e0 la p\u00e9dale),<\/li>\n<li>pr\u00e9sentation d\u2019un atelier typographique reconstitu\u00e9 (casses, num\u00e9roteurs, rouleaux, caract\u00e8res en plomb, en bois ou en plastique, encres d\u2019imprimerie, composition, machines d\u2019imprimerie etc.),<\/li>\n<li>d\u00e9monstration de fabrication de papier artisanal (avec Christophe Chomant).<\/li>\n<\/ul>\n<p>Pour la premi\u00e8re fois, le CHS met en place deux animations pour les plus jeunes :<\/p>\n<ul>\n<li><strong>\u201cColorie ton masque\u201d<\/strong> : l\u2019animation consiste \u00e0 expliquer \u00e0 l\u2019enfant comment on peut d\u00e9couper des masques ou des autocollants au sein d\u2019une imprimerie ; l\u2019enfant pourra colorier le masque ainsi d\u00e9coup\u00e9 et repartir avec. Le carton et les feutres de couleurs sont fournis.<\/li>\n<li><strong>\u201cImprime ton pr\u00e9nom\u201d<\/strong> : de la composition jusqu\u2019\u00e0 l\u2019impression, l\u2019animation pr\u00e9sente les \u00e9tapes autrefois n\u00e9cessaires pour imprimer. L\u2019enfant d\u00e9couvrira la casse, le composteur, le ch\u00e2ssis et les serrages, l\u2019encre et le rouleau et la presse \u00e0 bras. Il r\u00e9alisera chacune de ses \u00e9tapes. Le nettoyage des caract\u00e8res lui sera expliqu\u00e9 mais il n\u2019interviendra pas en raison des produits employ\u00e9s. Le papier, l\u2019encre, les gants et le sac poubelle (pour prot\u00e9ger les v\u00eatements) sont fournis.<\/li>\n<\/ul>\n<p>Pour cette \u00e9dition 2011 seront pr\u00e9sents :<\/p>\n<ul>\n<li><a title=\"Christophe Chomant \u00c9diteur\" href=\"http:\/\/christophe.chomant.pagesperso-orange.fr\/Edition\/Edition.htm\">Christophe Chomant \u00e9diteur<\/a>, avec des d\u00e9monstrations de fabrication de papier artisanal et un stand de publications,<\/li>\n<li><a title=\"Normandie lecture, les \u00e9ditions Galmiche\" href=\"http:\/\/normandielecture.pagesperso-orange.fr\/Normandie_lecture\/Editions_Galmiche.html\">Les \u00e9ditions Galmiche<\/a>, avec un stand de publications Rouen lecture (la revue de tous ceux qui aiment lire en Normandie, visiter et conna\u00eetre Rouen et sa r\u00e9gion).<\/li>\n<\/ul>\n<p>L\u2019entr\u00e9e et les animations sont gratuites.<\/p>\n<p>Outre l\u2019imprimerie, les machines \u00e0 vapeur, les machines-outils, le polissage et la forge seront en action.<\/p>\n<figure style=\"width: 500px\" class=\"wp-caption aligncenter\"><a title=\"Syst\u00e8me d\u2019encrage de zigazou76, sur Flickr\" href=\"http:\/\/www.flickr.com\/photos\/zigazou76\/4663505153\/\"><img loading=\"lazy\" decoding=\"async\" title=\"Syst\u00e8me d\u2019encrage de la platine Heidelberg\" src=\"http:\/\/farm5.static.flickr.com\/4044\/4663505153_10f8f65e3d.jpg\" alt=\"Syst\u00e8me d\u2019encrage de la platine Heidelberg\" width=\"500\" height=\"336\" \/><\/a><figcaption class=\"wp-caption-text\">Syst\u00e8me d\u2019encrage de la platine Heidelberg<\/figcaption><\/figure>\n","protected":false},"excerpt":{"rendered":"<p>Samedi 23 et dimanche 24 avril 2011, le moulin Saint-Gilles vous ouvre ses portes pour la Saint-Jean-Porte-Latine, la f\u00eate des imprimeurs. Les horaires : samedi 23 avril, de 14h \u00e0 18h (verre de l\u2019amiti\u00e9 \u00e0 17h30), dimanche 24 avril, de 10h \u00e0 12h et de 14h \u00e0 18h. Au programme de ce week-end : mise &hellip; <a href=\"https:\/\/expotec103.fr\/index.php\/2011\/04\/17\/fete-des-imprimeurs-2011-saint-jean-porte-latine\/\" class=\"more-link\">Continuer la lecture de <span class=\"screen-reader-text\">F\u00eate des imprimeurs 2011, Saint-Jean-Porte-Latine<\/span><\/a><\/p>\n","protected":false},"author":1,"featured_media":0,"comment_status":"closed","ping_status":"closed","sticky":false,"template":"","format":"standard","meta":{"footnotes":""},"categories":[3,10],"tags":[],"_links":{"self":[{"href":"https:\/\/expotec103.fr\/index.php\/wp-json\/wp\/v2\/posts\/629"}],"collection":[{"href":"https:\/\/expotec103.fr\/index.php\/wp-json\/wp\/v2\/posts"}],"about":[{"href":"https:\/\/expotec103.fr\/index.php\/wp-json\/wp\/v2\/types\/post"}],"author":[{"embeddable":true,"href":"https:\/\/expotec103.fr\/index.php\/wp-json\/wp\/v2\/users\/1"}],"replies":[{"embeddable":true,"href":"https:\/\/expotec103.fr\/index.php\/wp-json\/wp\/v2\/comments?post=629"}],"version-history":[{"count":0,"href":"https:\/\/expotec103.fr\/index.php\/wp-json\/wp\/v2\/posts\/629\/revisions"}],"wp:attachment":[{"href":"https:\/\/expotec103.fr\/index.php\/wp-json\/wp\/v2\/media?parent=629"}],"wp:term":[{"taxonomy":"category","embeddable":true,"href":"https:\/\/expotec103.fr\/index.php\/wp-json\/wp\/v2\/categories?post=629"},{"taxonomy":"post_tag","embeddable":true,"href":"https:\/\/expotec103.fr\/index.php\/wp-json\/wp\/v2\/tags?post=629"}],"curies":[{"name":"wp","href":"https:\/\/api.w.org\/{rel}","templated":true}]}}