{"id":643,"date":"2011-05-23T07:14:01","date_gmt":"2011-05-23T06:14:01","guid":{"rendered":"http:\/\/www.expotec103.com\/?p=643"},"modified":"2011-05-23T07:14:01","modified_gmt":"2011-05-23T06:14:01","slug":"a-vous-de-lire-2011","status":"publish","type":"post","link":"https:\/\/expotec103.fr\/index.php\/2011\/05\/23\/a-vous-de-lire-2011\/","title":{"rendered":"\u00c0 vous de lire 2011"},"content":{"rendered":"<figure id=\"attachment_644\" aria-describedby=\"caption-attachment-644\" style=\"width: 150px\" class=\"wp-caption alignright\"><a href=\"http:\/\/www.avousdelire.fr\/\"><img loading=\"lazy\" decoding=\"async\" class=\"size-full wp-image-644\" title=\"\u00c0 vous de lire 2011\" src=\"http:\/\/www.expotec103.fr\/wp-content\/uploads\/2011\/05\/avousdelire2011.png\" alt=\"\u00c0 vous de lire 2011\" width=\"150\" height=\"215\" \/><\/a><figcaption id=\"caption-attachment-644\" class=\"wp-caption-text\">\u00c0 vous de lire 2011<\/figcaption><\/figure>\n<p>Samedi 28 mai 2011, de 14h \u00e0 18h, le Moulin Saint-Gilles accueille l\u2019\u00e9dition 2011 d\u2019<a title=\"Site national de l\u2019\u00e9v\u00e9nement \u00c0 vous de lire\" href=\"http:\/\/www.avousdelire.fr\/\">\u00c0 vous de lire<\/a>, l\u2019\u00e9v\u00e9nement d\u00e9di\u00e9 \u00e0 la lecture coordonn\u00e9 par le Minist\u00e8re de la Culture et de la Communication.<\/p>\n<p>\u00c0 Rouen, cette manifestation est organis\u00e9e par <a title=\"Site officiel de Christophe Chomant \u00c9diteur\" href=\"http:\/\/christophe.chomant.pagesperso-orange.fr\/Edition\/Edition.htm\">Christophe Chomant \u00c9diteur<\/a>.<\/p>\n<p>Au programme cette ann\u00e9e :<\/p>\n<ul>\n<li>7 lectures \u00e0 voix haute (14h30, 15h, 15h30, 16h, 16h30, 17h, 17h30, dur\u00e9e inf\u00e9rieure \u00e0 10 minutes) en diff\u00e9rents points du moulin,<\/li>\n<li>de la calligraphie latine avec l\u2019<a title=\"Site officiel de l\u2019association L\u2019Esperluette\" href=\"http:\/\/www.esperluette-assocalligraphie.org\/\">association L\u2019Esperluette<\/a>,<\/li>\n<li>des livres objets avec Dani\u00e8le Fayet,<\/li>\n<li>de la typographie \u00e0 l\u2019ancienne,<\/li>\n<li>un stand librairie avec Th\u00e9r\u00e8se B,<\/li>\n<li>des auteur(e)s \u00e0 voir et \u00e0 entendre :\n<ul>\n<li>C\u00e9line Gouel,<\/li>\n<li>Jean Rocchi,<\/li>\n<li>Daniel Collin,<\/li>\n<li>S\u00e9bastien Monod,<\/li>\n<li>Pascal Aussi,<\/li>\n<li>Karine Lemoine,<\/li>\n<li>Olivier Gosse.<\/li>\n<\/ul>\n<\/li>\n<\/ul>\n<p>Chaque auteur(e) exposera ses livres.<\/p>\n<p>Pendant la manifestation, l\u2019atelier typographique, la salle de l\u2019\u00e9nergie (machines \u00e0 vapeur, moteur sans soupape, locomobile, machines de Gramme etc.), la forge Mustad, la salle des machines-outils, la salle du textile etc. sont visitables.<\/p>\n","protected":false},"excerpt":{"rendered":"<p>Samedi 28 mai 2011, de 14h \u00e0 18h, le Moulin Saint-Gilles accueille l\u2019\u00e9dition 2011 d\u2019\u00c0 vous de lire, l\u2019\u00e9v\u00e9nement d\u00e9di\u00e9 \u00e0 la lecture coordonn\u00e9 par le Minist\u00e8re de la Culture et de la Communication. \u00c0 Rouen, cette manifestation est organis\u00e9e par Christophe Chomant \u00c9diteur. Au programme cette ann\u00e9e : 7 lectures \u00e0 voix haute (14h30, &hellip; <a href=\"https:\/\/expotec103.fr\/index.php\/2011\/05\/23\/a-vous-de-lire-2011\/\" class=\"more-link\">Continuer la lecture de <span class=\"screen-reader-text\">\u00c0 vous de lire 2011<\/span><\/a><\/p>\n","protected":false},"author":1,"featured_media":0,"comment_status":"closed","ping_status":"closed","sticky":false,"template":"","format":"standard","meta":{"footnotes":""},"categories":[8],"tags":[],"_links":{"self":[{"href":"https:\/\/expotec103.fr\/index.php\/wp-json\/wp\/v2\/posts\/643"}],"collection":[{"href":"https:\/\/expotec103.fr\/index.php\/wp-json\/wp\/v2\/posts"}],"about":[{"href":"https:\/\/expotec103.fr\/index.php\/wp-json\/wp\/v2\/types\/post"}],"author":[{"embeddable":true,"href":"https:\/\/expotec103.fr\/index.php\/wp-json\/wp\/v2\/users\/1"}],"replies":[{"embeddable":true,"href":"https:\/\/expotec103.fr\/index.php\/wp-json\/wp\/v2\/comments?post=643"}],"version-history":[{"count":0,"href":"https:\/\/expotec103.fr\/index.php\/wp-json\/wp\/v2\/posts\/643\/revisions"}],"wp:attachment":[{"href":"https:\/\/expotec103.fr\/index.php\/wp-json\/wp\/v2\/media?parent=643"}],"wp:term":[{"taxonomy":"category","embeddable":true,"href":"https:\/\/expotec103.fr\/index.php\/wp-json\/wp\/v2\/categories?post=643"},{"taxonomy":"post_tag","embeddable":true,"href":"https:\/\/expotec103.fr\/index.php\/wp-json\/wp\/v2\/tags?post=643"}],"curies":[{"name":"wp","href":"https:\/\/api.w.org\/{rel}","templated":true}]}}