{"id":663,"date":"2011-05-31T07:16:25","date_gmt":"2011-05-31T06:16:25","guid":{"rendered":"http:\/\/www.expotec103.com\/?p=663"},"modified":"2011-05-31T07:16:25","modified_gmt":"2011-05-31T06:16:25","slug":"inauguration-de-lesplanade-jean-pierre-engelhard","status":"publish","type":"post","link":"https:\/\/expotec103.fr\/index.php\/2011\/05\/31\/inauguration-de-lesplanade-jean-pierre-engelhard\/","title":{"rendered":"Inauguration de l\u2019esplanade Jean-Pierre-Engelhard"},"content":{"rendered":"<figure style=\"width: 500px\" class=\"wp-caption aligncenter\"><a title=\"Four banal de la Pannevert de zigazou76, sur Flickr\" href=\"http:\/\/www.flickr.com\/photos\/zigazou76\/3934893321\/\"><img loading=\"lazy\" decoding=\"async\" title=\"Esplanade Jean-Pierre-Engelhard\" src=\"http:\/\/farm4.static.flickr.com\/3468\/3934893321_46bb0905bc.jpg\" alt=\"Esplanade Jean-Pierre-Engelhard\" width=\"500\" height=\"181\" \/><\/a><figcaption class=\"wp-caption-text\">Esplanade Jean-Pierre-Engelhard<\/figcaption><\/figure>\n<p>Vendredi 3 juin 2011 \u00e0 18 h, l\u2019esplanade de la Pannevert sera officiellement renomm\u00e9e esplanade Jean-Pierre-Engelhard.<\/p>\n<p>L\u2019inauguration sera pr\u00e9sid\u00e9e par <strong>Val\u00e9rie Fourneyron<\/strong>, D\u00e9put\u00e9e Maire de Rouen, <strong>Guy Pessiot<\/strong>, Adjoint au Maire charg\u00e9 du Patrimoine, et <strong>Sylvain Engelhard<\/strong>, Pr\u00e9sident du Centre d\u2019Histoire Sociale.<\/p>\n<p>La c\u00e9r\u00e9monie se terminera par un cocktail au cours duquel les participants pourront go\u00fbter aux brioches cuites au four banal.<\/p>\n<p>Pour se rendre \u00e0 l\u2019esplanade :<\/p>\n<div style=\"padding-left: 32px;\">[mappress mapid=\u00a0\u00bb28&Prime;]<\/div>\n","protected":false},"excerpt":{"rendered":"<p>Vendredi 3 juin 2011 \u00e0 18 h, l\u2019esplanade de la Pannevert sera officiellement renomm\u00e9e esplanade Jean-Pierre-Engelhard. L\u2019inauguration sera pr\u00e9sid\u00e9e par Val\u00e9rie Fourneyron, D\u00e9put\u00e9e Maire de Rouen, Guy Pessiot, Adjoint au Maire charg\u00e9 du Patrimoine, et Sylvain Engelhard, Pr\u00e9sident du Centre d\u2019Histoire Sociale. La c\u00e9r\u00e9monie se terminera par un cocktail au cours duquel les participants pourront &hellip; <a href=\"https:\/\/expotec103.fr\/index.php\/2011\/05\/31\/inauguration-de-lesplanade-jean-pierre-engelhard\/\" class=\"more-link\">Continuer la lecture de <span class=\"screen-reader-text\">Inauguration de l\u2019esplanade Jean-Pierre-Engelhard<\/span><\/a><\/p>\n","protected":false},"author":1,"featured_media":0,"comment_status":"closed","ping_status":"closed","sticky":false,"template":"","format":"standard","meta":{"footnotes":""},"categories":[8],"tags":[],"_links":{"self":[{"href":"https:\/\/expotec103.fr\/index.php\/wp-json\/wp\/v2\/posts\/663"}],"collection":[{"href":"https:\/\/expotec103.fr\/index.php\/wp-json\/wp\/v2\/posts"}],"about":[{"href":"https:\/\/expotec103.fr\/index.php\/wp-json\/wp\/v2\/types\/post"}],"author":[{"embeddable":true,"href":"https:\/\/expotec103.fr\/index.php\/wp-json\/wp\/v2\/users\/1"}],"replies":[{"embeddable":true,"href":"https:\/\/expotec103.fr\/index.php\/wp-json\/wp\/v2\/comments?post=663"}],"version-history":[{"count":0,"href":"https:\/\/expotec103.fr\/index.php\/wp-json\/wp\/v2\/posts\/663\/revisions"}],"wp:attachment":[{"href":"https:\/\/expotec103.fr\/index.php\/wp-json\/wp\/v2\/media?parent=663"}],"wp:term":[{"taxonomy":"category","embeddable":true,"href":"https:\/\/expotec103.fr\/index.php\/wp-json\/wp\/v2\/categories?post=663"},{"taxonomy":"post_tag","embeddable":true,"href":"https:\/\/expotec103.fr\/index.php\/wp-json\/wp\/v2\/tags?post=663"}],"curies":[{"name":"wp","href":"https:\/\/api.w.org\/{rel}","templated":true}]}}