{"id":693,"date":"2011-08-02T07:19:40","date_gmt":"2011-08-02T06:19:40","guid":{"rendered":"http:\/\/www.expotec103.com\/?p=693"},"modified":"2011-08-02T07:19:40","modified_gmt":"2011-08-02T06:19:40","slug":"le-moteur-est-dans-le-pre-2011","status":"publish","type":"post","link":"https:\/\/expotec103.fr\/index.php\/2011\/08\/02\/le-moteur-est-dans-le-pre-2011\/","title":{"rendered":"Le moteur est dans le pr\u00e9 2011"},"content":{"rendered":"<figure id=\"attachment_694\" aria-describedby=\"caption-attachment-694\" style=\"width: 250px\" class=\"wp-caption alignright\"><a href=\"http:\/\/www.expotec103.fr\/wp-content\/uploads\/2011\/08\/moteurdanslepre2011.jpg\"><img loading=\"lazy\" decoding=\"async\" class=\"size-full wp-image-694\" title=\"Le moteur est dans le pr\u00e9 2011\" src=\"http:\/\/www.expotec103.fr\/wp-content\/uploads\/2011\/08\/moteurdanslepre2011.jpg\" alt=\"Le moteur est dans le pr\u00e9 2011\" width=\"250\" height=\"354\" \/><\/a><figcaption id=\"caption-attachment-694\" class=\"wp-caption-text\">Le moteur est dans le pr\u00e9 2011<\/figcaption><\/figure>\n<p>Les 10 et 11 septembre, le Mus\u00e9um de M\u00e9canique Naturelle organise Le moteur est dans le pr\u00e9, 7e Festival International de m\u00e9canique, une exposition vivante de moteurs et machines d\u2019avant 1940 ouverte \u00e9galement aux tracteurs et voitures en nombre limit\u00e9.<\/p>\n<p>Cela se passe \u00e0 l\u2019espace Baudy \u00e0 Giverny, rue Claude-Monet en face du restaurant Baudy, entre les rues des Grands-Jardins et du Colombier.<\/p>\n<p>Horaires :<\/p>\n<ul>\n<li>samedi 10 septembre : de 14h \u00e0 18h,<\/li>\n<li>dimanche 11 septembre : de 10h \u00e0 18h.<\/li>\n<\/ul>\n<p>Entr\u00e9e : 3\u20ac, gratuit pour les moins de 13 ans.<\/p>\n<p>Un petit restaurant campagnard avec buvette et gauffres vous accueillera le temps de la manifestation.<\/p>\n<p>Un grand parking est disponible \u00e0 400m de l\u2019Espace Baudy.<\/p>\n<p>Renseignements :<\/p>\n<p>Mus\u00e9um de M\u00e9canique Naturelle<br \/>\n2 rue Blanche-Monet<br \/>\n27620 GIVERNY<br \/>\nT\u00e9l. : 02 32 21 26 33 ou 06 07 72 71 75<br \/>\nM\u00e8l : meseum@aol.com<\/p>\n","protected":false},"excerpt":{"rendered":"<p>Les 10 et 11 septembre, le Mus\u00e9um de M\u00e9canique Naturelle organise Le moteur est dans le pr\u00e9, 7e Festival International de m\u00e9canique, une exposition vivante de moteurs et machines d\u2019avant 1940 ouverte \u00e9galement aux tracteurs et voitures en nombre limit\u00e9. Cela se passe \u00e0 l\u2019espace Baudy \u00e0 Giverny, rue Claude-Monet en face du restaurant Baudy, &hellip; <a href=\"https:\/\/expotec103.fr\/index.php\/2011\/08\/02\/le-moteur-est-dans-le-pre-2011\/\" class=\"more-link\">Continuer la lecture de <span class=\"screen-reader-text\">Le moteur est dans le pr\u00e9 2011<\/span><\/a><\/p>\n","protected":false},"author":1,"featured_media":0,"comment_status":"closed","ping_status":"closed","sticky":false,"template":"","format":"standard","meta":{"footnotes":""},"categories":[3,8,17],"tags":[],"_links":{"self":[{"href":"https:\/\/expotec103.fr\/index.php\/wp-json\/wp\/v2\/posts\/693"}],"collection":[{"href":"https:\/\/expotec103.fr\/index.php\/wp-json\/wp\/v2\/posts"}],"about":[{"href":"https:\/\/expotec103.fr\/index.php\/wp-json\/wp\/v2\/types\/post"}],"author":[{"embeddable":true,"href":"https:\/\/expotec103.fr\/index.php\/wp-json\/wp\/v2\/users\/1"}],"replies":[{"embeddable":true,"href":"https:\/\/expotec103.fr\/index.php\/wp-json\/wp\/v2\/comments?post=693"}],"version-history":[{"count":0,"href":"https:\/\/expotec103.fr\/index.php\/wp-json\/wp\/v2\/posts\/693\/revisions"}],"wp:attachment":[{"href":"https:\/\/expotec103.fr\/index.php\/wp-json\/wp\/v2\/media?parent=693"}],"wp:term":[{"taxonomy":"category","embeddable":true,"href":"https:\/\/expotec103.fr\/index.php\/wp-json\/wp\/v2\/categories?post=693"},{"taxonomy":"post_tag","embeddable":true,"href":"https:\/\/expotec103.fr\/index.php\/wp-json\/wp\/v2\/tags?post=693"}],"curies":[{"name":"wp","href":"https:\/\/api.w.org\/{rel}","templated":true}]}}