{"id":697,"date":"2011-08-29T17:31:26","date_gmt":"2011-08-29T16:31:26","guid":{"rendered":"http:\/\/www.expotec103.com\/?p=697"},"modified":"2011-08-29T17:31:26","modified_gmt":"2011-08-29T16:31:26","slug":"coulage-de-dalle","status":"publish","type":"post","link":"https:\/\/expotec103.fr\/index.php\/2011\/08\/29\/coulage-de-dalle\/","title":{"rendered":"Coulage de dalle"},"content":{"rendered":"<p>Lundi 29 ao\u00fbt, les b\u00e9n\u00e9voles ont r\u00e9alis\u00e9 une dalle de 90 m\u00b2 en face des machines-outils. Une fois prise, cette dalle accueillera les pi\u00e8ces en attente de r\u00e9paration, nettoyage ou exposition sur des \u00e9tag\u00e8res industrielles.<\/p>\n<p>Cette r\u00e9alisation n\u2019aurait pu \u00eatre possible sans la participation de :<\/p>\n<ul>\n<li>la soci\u00e9t\u00e9 <strong>T2C, Technique &amp; Concept de Construction<\/strong> (Franqueville-Saint-Pierre), repr\u00e9sent\u00e9e par M. Jean-Pierre Tamarelle, dans le cadre d\u2019un m\u00e9c\u00e9nat (fourniture des mat\u00e9riaux)<\/li>\n<li><strong>Jacky Douville<\/strong>, sp\u00e9cialiste b\u00e9ton,<\/li>\n<li>les b\u00e9n\u00e9voles de l\u2019association,<\/li>\n<li>et le concours de la soci\u00e9t\u00e9 <strong>R\u00e9gis Location<\/strong>.<\/li>\n<\/ul>\n<p>Le Centre d\u2019Histoire Sociale tient \u00e0 les en remercier.<\/p>\n<p>Voici quelques photos du chantier :<\/p>\n<figure style=\"width: 333px\" class=\"wp-caption aligncenter\"><a title=\"Pose des treillis de zigazou76, sur Flickr\" href=\"http:\/\/www.flickr.com\/photos\/zigazou76\/6092694569\/\"><img loading=\"lazy\" decoding=\"async\" title=\"Pose des treillis\" src=\"http:\/\/farm7.static.flickr.com\/6087\/6092694569_c282ac7afb.jpg\" alt=\"Pose des treillis\" width=\"333\" height=\"500\" \/><\/a><figcaption class=\"wp-caption-text\">Pose des treillis<\/figcaption><\/figure>\n<p>L\u2019espace a d\u00fb \u00eatre pr\u00e9par\u00e9, des b\u00e2ches et des treillis pos\u00e9es<\/p>\n<figure style=\"width: 500px\" class=\"wp-caption aligncenter\"><a title=\"Pose des treillis de zigazou76, sur Flickr\" href=\"http:\/\/www.flickr.com\/photos\/zigazou76\/6093239924\/\"><img loading=\"lazy\" decoding=\"async\" title=\"Pose des treillis\" src=\"http:\/\/farm7.static.flickr.com\/6084\/6093239924_373759b98b.jpg\" alt=\"Pose des treillis\" width=\"500\" height=\"333\" \/><\/a><figcaption class=\"wp-caption-text\">Pose des treillis<\/figcaption><\/figure>\n<figure style=\"width: 500px\" class=\"wp-caption aligncenter\"><a title=\"Pose des treillis et tuyaux de zigazou76, sur Flickr\" href=\"http:\/\/www.flickr.com\/photos\/zigazou76\/6092705613\/\"><img loading=\"lazy\" decoding=\"async\" title=\"Pose des treillis et tuyaux\" src=\"http:\/\/farm7.static.flickr.com\/6206\/6092705613_f903bc7806.jpg\" alt=\"Pose des treillis et tuyaux\" width=\"500\" height=\"333\" \/><\/a><figcaption class=\"wp-caption-text\">Pose des treillis et tuyaux<\/figcaption><\/figure>\n<p>Des tuyaux ont \u00e9t\u00e9 install\u00e9s pour permettre le futur passage de c\u00e2bles \u00e9lectriques. Les barres prises dans le b\u00e9ton sont des joints de dilatation.<\/p>\n<figure style=\"width: 333px\" class=\"wp-caption aligncenter\"><a title=\"Transport du b\u00e9ton de zigazou76, sur Flickr\" href=\"http:\/\/www.flickr.com\/photos\/zigazou76\/6092778479\/\"><img loading=\"lazy\" decoding=\"async\" title=\"Transport du b\u00e9ton\" src=\"http:\/\/farm7.static.flickr.com\/6195\/6092778479_60c3121698.jpg\" alt=\"Transport du b\u00e9ton\" width=\"333\" height=\"500\" \/><\/a><figcaption class=\"wp-caption-text\">Transport du b\u00e9ton<\/figcaption><\/figure>\n<p>Ce v\u00e9hicule est un sambron (un dumper ou un tombereau). Il a permis le transport du b\u00e9ton \u00e0 l\u2019int\u00e9rieur du b\u00e2timent car la toupie ne pouvait s\u2019y d\u00e9placer.<\/p>\n<figure style=\"width: 500px\" class=\"wp-caption aligncenter\"><a title=\"Livraison de b\u00e9ton de zigazou76, sur Flickr\" href=\"http:\/\/www.flickr.com\/photos\/zigazou76\/6093372310\/\"><img loading=\"lazy\" decoding=\"async\" title=\"Livraison de b\u00e9ton\" src=\"http:\/\/farm7.static.flickr.com\/6192\/6093372310_68572a70b0.jpg\" alt=\"Livraison de b\u00e9ton\" width=\"500\" height=\"333\" \/><\/a><figcaption class=\"wp-caption-text\">Livraison de b\u00e9ton<\/figcaption><\/figure>\n<p>Mine de rien, ce sambron pouvait transporter jusqu\u2019\u00e0 6 tonnes de mat\u00e9riau ou 4000 litres. Sa man\u0153uvre \u00e9tait d\u00e9licate car ses dimensions lui permettait tout juste d\u2019arriver jusqu\u2019\u00e0 la dalle.<\/p>\n<figure style=\"width: 500px\" class=\"wp-caption aligncenter\"><a title=\"\u00c9talage du b\u00e9ton de zigazou76, sur Flickr\" href=\"http:\/\/www.flickr.com\/photos\/zigazou76\/6093342350\/\"><img loading=\"lazy\" decoding=\"async\" title=\"\u00c9talage du b\u00e9ton\" src=\"http:\/\/farm7.static.flickr.com\/6088\/6093342350_041f92474b.jpg\" alt=\"\u00c9talage du b\u00e9ton\" width=\"500\" height=\"333\" \/><\/a><figcaption class=\"wp-caption-text\">\u00c9talage du b\u00e9ton<\/figcaption><\/figure>\n<p>Une fois amen\u00e9, le b\u00e9ton devait \u00eatre \u00e9tal\u00e9 uniform\u00e9ment. C\u2019est l\u00e0 que le nombre de b\u00e9n\u00e9voles a fait toute la diff\u00e9rence !<\/p>\n<figure style=\"width: 500px\" class=\"wp-caption aligncenter\"><a title=\"\u00c9talage du b\u00e9ton de zigazou76, sur Flickr\" href=\"http:\/\/www.flickr.com\/photos\/zigazou76\/6092791615\/\"><img loading=\"lazy\" decoding=\"async\" title=\"\u00c9talage du b\u00e9ton\" src=\"http:\/\/farm7.static.flickr.com\/6080\/6092791615_71f4e1c2c8.jpg\" alt=\"\u00c9talage du b\u00e9ton\" width=\"500\" height=\"333\" \/><\/a><figcaption class=\"wp-caption-text\">\u00c9talage du b\u00e9ton<\/figcaption><\/figure>\n<figure style=\"width: 500px\" class=\"wp-caption aligncenter\"><a title=\"\u00c9talage du b\u00e9ton de zigazou76, sur Flickr\" href=\"http:\/\/www.flickr.com\/photos\/zigazou76\/6092772887\/\"><img loading=\"lazy\" decoding=\"async\" title=\"\u00c9talage du b\u00e9ton\" src=\"http:\/\/farm7.static.flickr.com\/6074\/6092772887_779cbb6d10.jpg\" alt=\"\u00c9talage du b\u00e9ton\" width=\"500\" height=\"333\" \/><\/a><figcaption class=\"wp-caption-text\">\u00c9talage du b\u00e9ton<\/figcaption><\/figure>\n<p>Le b\u00e9ton \u00e9tal\u00e9, il faut encore en harmoniser la surface.<\/p>\n<figure style=\"width: 333px\" class=\"wp-caption aligncenter\"><a title=\"\u00c9talage du b\u00e9ton de zigazou76, sur Flickr\" href=\"http:\/\/www.flickr.com\/photos\/zigazou76\/6092728643\/\"><img loading=\"lazy\" decoding=\"async\" title=\"\u00c9talage du b\u00e9ton\" src=\"http:\/\/farm7.static.flickr.com\/6200\/6092728643_7ea9e74822.jpg\" alt=\"\u00c9talage du b\u00e9ton\" width=\"333\" height=\"500\" \/><\/a><figcaption class=\"wp-caption-text\">\u00c9talage du b\u00e9ton<\/figcaption><\/figure>\n<figure style=\"width: 333px\" class=\"wp-caption aligncenter\"><a title=\"Dalle de zigazou76, sur Flickr\" href=\"http:\/\/www.flickr.com\/photos\/zigazou76\/6092742285\/\"><img loading=\"lazy\" decoding=\"async\" title=\"Dalle\" src=\"http:\/\/farm7.static.flickr.com\/6185\/6092742285_4f4c96de13.jpg\" alt=\"Dalle\" width=\"333\" height=\"500\" \/><\/a><figcaption class=\"wp-caption-text\">Dalle<\/figcaption><\/figure>\n<p>Le r\u00e9sultat final ! La dalle sera utilisable dans 21 jours.<\/p>\n<p>D\u2019autres photos \u2192 <a title=\"Coulage de dalle au Centre d\u2019Histoire Sociale\" href=\"http:\/\/www.flickr.com\/photos\/zigazou76\/sets\/72157627421791763\/\">http:\/\/www.flickr.com\/photos\/zigazou76\/sets\/72157627421791763\/<\/a><\/p>\n<p>Ou en regardant le diaporama ci-dessous :<\/p>\n<p style=\"text-align: center;\"><object classid=\"clsid:d27cdb6e-ae6d-11cf-96b8-444553540000\" width=\"500&quot;\" height=\"375\" codebase=\"http:\/\/download.macromedia.com\/pub\/shockwave\/cabs\/flash\/swflash.cab#version=6,0,40,0\"><param name=\"flashvars\" value=\"offsite=true&amp;lang=fr-fr&amp;page_show_url=%2Fphotos%2Fzigazou76%2Fsets%2F72157627421791763%2Fshow%2F&amp;page_show_back_url=%2Fphotos%2Fzigazou76%2Fsets%2F72157627421791763%2F&amp;set_id=72157627421791763&amp;jump_to=\" \/><param name=\"allowFullScreen\" value=\"true\" \/><param name=\"src\" value=\"http:\/\/www.flickr.com\/apps\/slideshow\/show.swf?v=104087\" \/><param name=\"allowfullscreen\" value=\"true\" \/><embed type=\"application\/x-shockwave-flash\" width=\"500&quot;\" height=\"375\" src=\"http:\/\/www.flickr.com\/apps\/slideshow\/show.swf?v=104087\" allowfullscreen=\"true\" flashvars=\"offsite=true&amp;lang=fr-fr&amp;page_show_url=%2Fphotos%2Fzigazou76%2Fsets%2F72157627421791763%2Fshow%2F&amp;page_show_back_url=%2Fphotos%2Fzigazou76%2Fsets%2F72157627421791763%2F&amp;set_id=72157627421791763&amp;jump_to=\"><\/embed><\/object><\/p>\n","protected":false},"excerpt":{"rendered":"<p>Lundi 29 ao\u00fbt, les b\u00e9n\u00e9voles ont r\u00e9alis\u00e9 une dalle de 90 m\u00b2 en face des machines-outils. Une fois prise, cette dalle accueillera les pi\u00e8ces en attente de r\u00e9paration, nettoyage ou exposition sur des \u00e9tag\u00e8res industrielles. Cette r\u00e9alisation n\u2019aurait pu \u00eatre possible sans la participation de : la soci\u00e9t\u00e9 T2C, Technique &amp; Concept de Construction (Franqueville-Saint-Pierre), &hellip; <a href=\"https:\/\/expotec103.fr\/index.php\/2011\/08\/29\/coulage-de-dalle\/\" class=\"more-link\">Continuer la lecture de <span class=\"screen-reader-text\">Coulage de dalle<\/span><\/a><\/p>\n","protected":false},"author":1,"featured_media":0,"comment_status":"closed","ping_status":"closed","sticky":false,"template":"","format":"standard","meta":{"footnotes":""},"categories":[2],"tags":[],"_links":{"self":[{"href":"https:\/\/expotec103.fr\/index.php\/wp-json\/wp\/v2\/posts\/697"}],"collection":[{"href":"https:\/\/expotec103.fr\/index.php\/wp-json\/wp\/v2\/posts"}],"about":[{"href":"https:\/\/expotec103.fr\/index.php\/wp-json\/wp\/v2\/types\/post"}],"author":[{"embeddable":true,"href":"https:\/\/expotec103.fr\/index.php\/wp-json\/wp\/v2\/users\/1"}],"replies":[{"embeddable":true,"href":"https:\/\/expotec103.fr\/index.php\/wp-json\/wp\/v2\/comments?post=697"}],"version-history":[{"count":0,"href":"https:\/\/expotec103.fr\/index.php\/wp-json\/wp\/v2\/posts\/697\/revisions"}],"wp:attachment":[{"href":"https:\/\/expotec103.fr\/index.php\/wp-json\/wp\/v2\/media?parent=697"}],"wp:term":[{"taxonomy":"category","embeddable":true,"href":"https:\/\/expotec103.fr\/index.php\/wp-json\/wp\/v2\/categories?post=697"},{"taxonomy":"post_tag","embeddable":true,"href":"https:\/\/expotec103.fr\/index.php\/wp-json\/wp\/v2\/tags?post=697"}],"curies":[{"name":"wp","href":"https:\/\/api.w.org\/{rel}","templated":true}]}}