{"id":702,"date":"2011-08-30T05:51:50","date_gmt":"2011-08-30T04:51:50","guid":{"rendered":"http:\/\/www.expotec103.com\/?p=702"},"modified":"2011-08-30T05:51:50","modified_gmt":"2011-08-30T04:51:50","slug":"vente-de-pain-9","status":"publish","type":"post","link":"https:\/\/expotec103.fr\/index.php\/2011\/08\/30\/vente-de-pain-9\/","title":{"rendered":"Vente de pain"},"content":{"rendered":"<figure style=\"width: 500px\" class=\"wp-caption aligncenter\"><a title=\"Boules de pain de zigazou76, sur Flickr\" href=\"http:\/\/www.flickr.com\/photos\/zigazou76\/4372447450\/\"><img loading=\"lazy\" decoding=\"async\" title=\"Boules de pain de campagne\" src=\"http:\/\/farm5.static.flickr.com\/4035\/4372447450_b63dfd8cee.jpg\" alt=\"Boules de pain de campagne\" width=\"500\" height=\"336\" \/><\/a><figcaption class=\"wp-caption-text\">Boules de pain de campagne<\/figcaption><\/figure>\n<p>Vendredi 2 septembre 2011 \u00e0 partir de 16h45, le Centre d\u2019Histoire Sociale organise une vente de pain cuit artisanalement dans le four banal de la Pannevert, esplanade Jean-Pierre-Engelhard (anciennement esplanade de la Pannevert).<\/p>\n<p>Seront disponible \u00e0 la vente des boules de pain de campagne au prix de 3 \u20ac.<\/p>\n<p>Si vous ne pouvez vous y rendre, sachez qu\u2019il y aura une autre vente lors des Journ\u00e9es du Patrimoine les 16, 17 et 18 septembre 2011.<\/p>\n<p>Le plan ci-dessous permettra de vous rep\u00e9rer.<\/p>\n<p style=\"text-align: center;\">[mappress mapid=\u00a0\u00bb29&Prime;]<\/p>\n<p>C\u2019est aussi l\u2019occasion de se d\u00e9gourdir les jambes et de faire une petite marche \u00e0 pied de 1,2 km. Le d\u00e9part s\u2019effectue rue de l\u2019Abreuvoir, non loin de la place Saint-Hilaire. Voici quelques photos de cette promenade (<a href=\"http:\/\/maps.google.fr\/maps?saddr=Rue+de+l'Abreuvoir%2FRue+des+Petites+Eaux+de+Robec&amp;daddr=49.4403548,1.1218163+to:Rue+des+Petites+Eaux+de+Robec&amp;hl=fr&amp;sll=49.440289,1.12244&amp;sspn=0.006655,0.016512&amp;geocode=Fb5q8gIdSgQRAA%3BFWJm8gIdGB4RACm5YoPMn97gRzG8uFrNmGItYQ%3BFYRi8gIdTDwRAA&amp;vpsrc=0&amp;dirflg=w&amp;mra=dpe&amp;mrsp=1&amp;sz=17&amp;via=1&amp;ie=UTF8&amp;ll=49.440283,1.122451&amp;spn=0.009767,0.021458&amp;z=15&amp;source=embed\">voir l\u2019itin\u00e9raire sur une carte<\/a>) :<\/p>\n<p style=\"text-align: center;\"><a title=\"Le Robec de zigazou76, sur Flickr\" href=\"http:\/\/www.flickr.com\/photos\/zigazou76\/6086728674\/\"><img loading=\"lazy\" decoding=\"async\" src=\"http:\/\/farm7.static.flickr.com\/6198\/6086728674_9f438c10e9_m.jpg\" alt=\"Le Robec\" width=\"160\" height=\"240\" \/><\/a><a title=\"Rue des Petites-Eaux-de-Robec de zigazou76, sur Flickr\" href=\"http:\/\/www.flickr.com\/photos\/zigazou76\/6086674072\/\"><img loading=\"lazy\" decoding=\"async\" src=\"http:\/\/farm7.static.flickr.com\/6088\/6086674072_da976a2d00_m.jpg\" alt=\"Rue des Petites-Eaux-de-Robec\" width=\"160\" height=\"240\" \/><\/a><a title=\"Auberge de jeunesse de zigazou76, sur Flickr\" href=\"http:\/\/www.flickr.com\/photos\/zigazou76\/6086625432\/\"><img loading=\"lazy\" decoding=\"async\" src=\"http:\/\/farm7.static.flickr.com\/6061\/6086625432_9f11ab6b0a_m.jpg\" alt=\"Auberge de jeunesse\" width=\"160\" height=\"240\" \/><\/a><\/p>\n","protected":false},"excerpt":{"rendered":"<p>Vendredi 2 septembre 2011 \u00e0 partir de 16h45, le Centre d\u2019Histoire Sociale organise une vente de pain cuit artisanalement dans le four banal de la Pannevert, esplanade Jean-Pierre-Engelhard (anciennement esplanade de la Pannevert). Seront disponible \u00e0 la vente des boules de pain de campagne au prix de 3 \u20ac. Si vous ne pouvez vous y &hellip; <a href=\"https:\/\/expotec103.fr\/index.php\/2011\/08\/30\/vente-de-pain-9\/\" class=\"more-link\">Continuer la lecture de <span class=\"screen-reader-text\">Vente de pain<\/span><\/a><\/p>\n","protected":false},"author":1,"featured_media":0,"comment_status":"closed","ping_status":"closed","sticky":false,"template":"","format":"standard","meta":{"footnotes":""},"categories":[5],"tags":[],"_links":{"self":[{"href":"https:\/\/expotec103.fr\/index.php\/wp-json\/wp\/v2\/posts\/702"}],"collection":[{"href":"https:\/\/expotec103.fr\/index.php\/wp-json\/wp\/v2\/posts"}],"about":[{"href":"https:\/\/expotec103.fr\/index.php\/wp-json\/wp\/v2\/types\/post"}],"author":[{"embeddable":true,"href":"https:\/\/expotec103.fr\/index.php\/wp-json\/wp\/v2\/users\/1"}],"replies":[{"embeddable":true,"href":"https:\/\/expotec103.fr\/index.php\/wp-json\/wp\/v2\/comments?post=702"}],"version-history":[{"count":0,"href":"https:\/\/expotec103.fr\/index.php\/wp-json\/wp\/v2\/posts\/702\/revisions"}],"wp:attachment":[{"href":"https:\/\/expotec103.fr\/index.php\/wp-json\/wp\/v2\/media?parent=702"}],"wp:term":[{"taxonomy":"category","embeddable":true,"href":"https:\/\/expotec103.fr\/index.php\/wp-json\/wp\/v2\/categories?post=702"},{"taxonomy":"post_tag","embeddable":true,"href":"https:\/\/expotec103.fr\/index.php\/wp-json\/wp\/v2\/tags?post=702"}],"curies":[{"name":"wp","href":"https:\/\/api.w.org\/{rel}","templated":true}]}}