{"id":776,"date":"2011-11-02T07:23:17","date_gmt":"2011-11-02T06:23:17","guid":{"rendered":"http:\/\/www.expotec103.com\/?p=776"},"modified":"2011-11-02T07:23:17","modified_gmt":"2011-11-02T06:23:17","slug":"preparation-de-la-saint-eloi","status":"publish","type":"post","link":"https:\/\/expotec103.fr\/index.php\/2011\/11\/02\/preparation-de-la-saint-eloi\/","title":{"rendered":"Pr\u00e9paration de la Saint-\u00c9loi"},"content":{"rendered":"<figure style=\"width: 240px\" class=\"wp-caption alignright\"><a title=\"Flyer Saint-\u00c9loi 2011 de zigazou76, sur Flickr\" href=\"http:\/\/www.flickr.com\/photos\/zigazou76\/6271611318\/\"><img loading=\"lazy\" decoding=\"async\" title=\"Flyer Saint-\u00c9loi 2011\" src=\"http:\/\/farm7.static.flickr.com\/6042\/6271611318_469cd4fc8d_m.jpg\" alt=\"Flyer Saint-\u00c9loi 2011\" width=\"240\" height=\"180\" \/><\/a><figcaption class=\"wp-caption-text\">Flyer Saint-\u00c9loi 2011<\/figcaption><\/figure>\n<p><a href=\"http:\/\/www.expotec103.com\/2011\/10\/saint-eloi-2011-les-couteaux-regionaux\/\">La Saint-\u00c9loi approche \u00e0 grand pas<\/a> !<\/p>\n<p>Nos b\u00e9n\u00e9voles travaillent d\u2019arrache-pied pour am\u00e9nager les diff\u00e9rentes salles du moulin Saint-Gilles et la t\u00e2che est grande.<\/p>\n<p>Nous avons pu compter sur l\u2019aide de Coralie et Alyssia, deux jeunes encadr\u00e9es par la Pr\u00e9vention Sp\u00e9cialis\u00e9e, un service de l\u2019Utas d\u2019\u00c9vreux (CG27). Elles ont lib\u00e9r\u00e9 un espace utilis\u00e9 pour le stockage sur la plate-forme de la salle des machines-outils. Il a d\u2019abord fallu transporter toutes les pi\u00e8ces entrepos\u00e9es et les ranger dans les nouveaux racks de l\u2019atelier et ensuite d\u00e9monter les \u00e9tag\u00e8res vides. Le r\u00e9sultat permet de gagner une dizaine de m\u00e8tres carr\u00e9s pour l\u2019exposition de pi\u00e8ces et une meilleure pr\u00e9sentation de l\u2019ensemble.<\/p>\n<figure style=\"width: 500px\" class=\"wp-caption aligncenter\"><a title=\"Pr\u00e9paration de la Saint-\u00c9loi de zigazou76, sur Flickr\" href=\"http:\/\/www.flickr.com\/photos\/zigazou76\/6303512308\/\"><img loading=\"lazy\" decoding=\"async\" title=\"Am\u00e9nagement de la plateforme\" src=\"http:\/\/farm7.static.flickr.com\/6114\/6303512308_293e381726.jpg\" alt=\"Am\u00e9nagement de la plateforme\" width=\"500\" height=\"333\" \/><\/a><figcaption class=\"wp-caption-text\">Am\u00e9nagement de la plateforme<\/figcaption><\/figure>\n<p>L\u2019am\u00e9nagement de la salle de l\u2019\u00e9nergie pour l\u2019accueil de 4 forgerons n\u00e9cessite le d\u00e9placement des machines-outils \u00e0 bois. De l\u2019espace a une nouvelle fois \u00e9t\u00e9 fait sur la plate-forme mais cette fois-ci sur la partie non visible.<\/p>\n<figure style=\"width: 500px\" class=\"wp-caption aligncenter\"><a title=\"Pr\u00e9paration de la Saint-\u00c9loi de zigazou76, sur Flickr\" href=\"http:\/\/www.flickr.com\/photos\/zigazou76\/6302982993\/\"><img loading=\"lazy\" decoding=\"async\" title=\"Stockage des machines-outils pour le bois\" src=\"http:\/\/farm7.static.flickr.com\/6035\/6302982993_4027dcf39a.jpg\" alt=\"Stockage des machines-outils pour le bois\" width=\"500\" height=\"333\" \/><\/a><figcaption class=\"wp-caption-text\">Stockage des machines-outils \u00e0 bois<\/figcaption><\/figure>\n<p>La salle verte a elle aussi subi le grand m\u00e9nage d\u2019automne. De l\u2019espace, de l\u2019espace et encore de l\u2019espace pour l\u2019accueil des exposants.<\/p>\n<figure style=\"width: 500px\" class=\"wp-caption aligncenter\"><a title=\"Pr\u00e9paration de la Saint-\u00c9loi de zigazou76, sur Flickr\" href=\"http:\/\/www.flickr.com\/photos\/zigazou76\/6303499014\/\"><img loading=\"lazy\" decoding=\"async\" title=\"Am\u00e9nagement de la salle verte\" src=\"http:\/\/farm7.static.flickr.com\/6060\/6303499014_b758e18728.jpg\" alt=\"Am\u00e9nagement de la salle verte\" width=\"500\" height=\"333\" \/><\/a><figcaption class=\"wp-caption-text\">Am\u00e9nagement de la salle verte<\/figcaption><\/figure>\n<p>L\u2019espace forge dans la salle de l\u2019\u00e9nergie est en cours d\u2019am\u00e9nagement. Objectif : recevoir jusqu\u2019\u00e0 4 forgerons et forgeronnes. Il faut donc cr\u00e9er de l\u2019espace pour qu\u2019ils\u00a0 puissent se d\u00e9placer ais\u00e9ment autour des foyers, du marteau-pilon et des enclumes. Du c\u00f4t\u00e9 du marteau-pilon, il y aura 2 forges, 3 foyers, un \u00e9tau et une meuleuse.<\/p>\n<figure style=\"width: 500px\" class=\"wp-caption aligncenter\"><a title=\"Pr\u00e9paration de la Saint-\u00c9loi de zigazou76, sur Flickr\" href=\"http:\/\/www.flickr.com\/photos\/zigazou76\/6303488944\/\"><img loading=\"lazy\" decoding=\"async\" title=\"Pr\u00e9paration de l\u2019espace forge\" src=\"http:\/\/farm7.static.flickr.com\/6215\/6303488944_79a34a3874.jpg\" alt=\"Pr\u00e9paration de l\u2019espace forge\" width=\"500\" height=\"333\" \/><\/a><figcaption class=\"wp-caption-text\">Pr\u00e9paration de l\u2019espace forge<\/figcaption><\/figure>\n<p>Un autre espace forge se trouve en face du pr\u00e9c\u00e9dent, l\u00e0 o\u00f9 les machines-outils \u00e0 bois se trouvaient. Ainsi, des deux c\u00f4t\u00e9s du passage, les visiteurs seront cern\u00e9s par la forge \ud83d\ude09<\/p>\n<figure style=\"width: 500px\" class=\"wp-caption aligncenter\"><a title=\"Pr\u00e9paration de la Saint-\u00c9loi de zigazou76, sur Flickr\" href=\"http:\/\/www.flickr.com\/photos\/zigazou76\/6303480436\/\"><img loading=\"lazy\" decoding=\"async\" title=\"Am\u00e9nagement d\u2019un coin forge suppl\u00e9mentaire\" src=\"http:\/\/farm7.static.flickr.com\/6045\/6303480436_2064b90a09.jpg\" alt=\"Am\u00e9nagement d\u2019un coin forge suppl\u00e9mentaire\" width=\"500\" height=\"333\" \/><\/a><figcaption class=\"wp-caption-text\">Am\u00e9nagement d\u2019un coin forge suppl\u00e9mentaire<\/figcaption><\/figure>\n<p>Et pour permettre aux visiteurs de mieux appr\u00e9cier le travail du m\u00e9tal, nous avons d\u00e9gag\u00e9 un acc\u00e8s jusqu\u2019au mur. Les photographes seront ainsi combl\u00e9s de pouvoir multiplier les angles. Reste encore \u00e0 installer le p\u00e9rim\u00e8tre de s\u00e9curit\u00e9.<\/p>\n<figure style=\"width: 500px\" class=\"wp-caption aligncenter\"><a title=\"Pr\u00e9paration de la Saint-\u00c9loi de zigazou76, sur Flickr\" href=\"http:\/\/www.flickr.com\/photos\/zigazou76\/6303471500\/\"><img loading=\"lazy\" decoding=\"async\" title=\"Lib\u00e9ration d\u2019un espace pour les visiteurs\" src=\"http:\/\/farm7.static.flickr.com\/6031\/6303471500_2b9cd0d28a.jpg\" alt=\"Lib\u00e9ration d\u2019un espace pour les visiteurs\" width=\"500\" height=\"333\" \/><\/a><figcaption class=\"wp-caption-text\">Lib\u00e9ration d\u2019un espace pour les visiteurs<\/figcaption><\/figure>\n<p>Le moteur Mustad a \u00e9t\u00e9 install\u00e9 au pied d\u2019Ernestine et la locomobile Merlin et son moulin ont \u00e9t\u00e9 d\u00e9plac\u00e9s pour \u00eatre face \u00e0 Ernestine, cr\u00e9ant ainsi un espace \u00e9nergie distinct de l\u2019espace forge.<\/p>\n<figure style=\"width: 500px\" class=\"wp-caption aligncenter\"><a title=\"Pr\u00e9paration de la Saint-\u00c9loi de zigazou76, sur Flickr\" href=\"http:\/\/www.flickr.com\/photos\/zigazou76\/6303466278\/\"><img loading=\"lazy\" decoding=\"async\" title=\"Repositionnement de la locomobile\" src=\"http:\/\/farm7.static.flickr.com\/6100\/6303466278_111cbc395b.jpg\" alt=\"Repositionnement de la locomobile\" width=\"500\" height=\"333\" \/><\/a><figcaption class=\"wp-caption-text\">Repositionnement de la locomobile<\/figcaption><\/figure>\n","protected":false},"excerpt":{"rendered":"<p>La Saint-\u00c9loi approche \u00e0 grand pas ! Nos b\u00e9n\u00e9voles travaillent d\u2019arrache-pied pour am\u00e9nager les diff\u00e9rentes salles du moulin Saint-Gilles et la t\u00e2che est grande. Nous avons pu compter sur l\u2019aide de Coralie et Alyssia, deux jeunes encadr\u00e9es par la Pr\u00e9vention Sp\u00e9cialis\u00e9e, un service de l\u2019Utas d\u2019\u00c9vreux (CG27). Elles ont lib\u00e9r\u00e9 un espace utilis\u00e9 pour le &hellip; <a href=\"https:\/\/expotec103.fr\/index.php\/2011\/11\/02\/preparation-de-la-saint-eloi\/\" class=\"more-link\">Continuer la lecture de <span class=\"screen-reader-text\">Pr\u00e9paration de la Saint-\u00c9loi<\/span><\/a><\/p>\n","protected":false},"author":1,"featured_media":0,"comment_status":"closed","ping_status":"closed","sticky":false,"template":"","format":"standard","meta":{"footnotes":""},"categories":[21],"tags":[],"_links":{"self":[{"href":"https:\/\/expotec103.fr\/index.php\/wp-json\/wp\/v2\/posts\/776"}],"collection":[{"href":"https:\/\/expotec103.fr\/index.php\/wp-json\/wp\/v2\/posts"}],"about":[{"href":"https:\/\/expotec103.fr\/index.php\/wp-json\/wp\/v2\/types\/post"}],"author":[{"embeddable":true,"href":"https:\/\/expotec103.fr\/index.php\/wp-json\/wp\/v2\/users\/1"}],"replies":[{"embeddable":true,"href":"https:\/\/expotec103.fr\/index.php\/wp-json\/wp\/v2\/comments?post=776"}],"version-history":[{"count":0,"href":"https:\/\/expotec103.fr\/index.php\/wp-json\/wp\/v2\/posts\/776\/revisions"}],"wp:attachment":[{"href":"https:\/\/expotec103.fr\/index.php\/wp-json\/wp\/v2\/media?parent=776"}],"wp:term":[{"taxonomy":"category","embeddable":true,"href":"https:\/\/expotec103.fr\/index.php\/wp-json\/wp\/v2\/categories?post=776"},{"taxonomy":"post_tag","embeddable":true,"href":"https:\/\/expotec103.fr\/index.php\/wp-json\/wp\/v2\/tags?post=776"}],"curies":[{"name":"wp","href":"https:\/\/api.w.org\/{rel}","templated":true}]}}